{"id":10031,"date":"2023-01-17T07:38:48","date_gmt":"2023-01-17T06:38:48","guid":{"rendered":"https:\/\/heimatverein-wulfen.de\/wp01\/?p=10031"},"modified":"2023-03-22T15:30:18","modified_gmt":"2023-03-22T14:30:18","slug":"78-jahrestag-der-bombardierung-wulfens","status":"publish","type":"post","link":"https:\/\/heimatverein-wulfen.de\/wp01\/2023\/01\/17\/78-jahrestag-der-bombardierung-wulfens\/","title":{"rendered":"78. Jahrestag der Bombardierung Wulfens"},"content":{"rendered":"<div class=\"wp-block-image\">\n<figure class=\"alignleft size-full is-resized\"><a href=\"https:\/\/heimatverein-wulfen.de\/wp01\/wp-content\/uploads\/2023\/03\/HVW_Gedenktag_2023_03_22_01.jpg\" rel=\"lightbox[10031]\"><img loading=\"lazy\" decoding=\"async\" src=\"https:\/\/heimatverein-wulfen.de\/wp01\/wp-content\/uploads\/2023\/03\/HVW_Gedenktag_2023_03_22_01.jpg\" alt=\"\" class=\"wp-image-10163\" width=\"197\" height=\"350\" srcset=\"https:\/\/heimatverein-wulfen.de\/wp01\/wp-content\/uploads\/2023\/03\/HVW_Gedenktag_2023_03_22_01.jpg 394w, https:\/\/heimatverein-wulfen.de\/wp01\/wp-content\/uploads\/2023\/03\/HVW_Gedenktag_2023_03_22_01-169x300.jpg 169w\" sizes=\"auto, (max-width: 197px) 100vw, 197px\" \/><\/a><\/figure>\n<\/div>\n\n\n<p class=\"has-medium-font-size\">Am Jahrestag der Zerst\u00f6rung der Dorfmitte Wulfens und seiner St.Matth\u00e4uskirche kamen 35 Teilnehmer zur Gedenkveranstaltung des Heimatverein Wulfen.<br>Als Einstimmung spielte Pia Kretschmann die Syrinx von Debussy.<br>Helmut Richter trug einen Zeitzeugenbericht vor und Ursel Wolf verlas die Namen der 23 bei dem Bombenangriff Get\u00f6ten.<br>Zum Angriffszeitpunkt 10:10 Uhr l\u00e4uteten abschlie\u00dfend die Glocken.<br>Text und Fotoaufnahmen: Christian Gruber<\/p>\n\n\n<div class=\"wp-block-image\">\n<figure class=\"alignleft size-full is-resized\"><a href=\"https:\/\/heimatverein-wulfen.de\/wp01\/wp-content\/uploads\/2023\/03\/HVW_Gedenktag_2023_03_22_02.jpg\" rel=\"lightbox[10031]\"><img loading=\"lazy\" decoding=\"async\" src=\"https:\/\/heimatverein-wulfen.de\/wp01\/wp-content\/uploads\/2023\/03\/HVW_Gedenktag_2023_03_22_02.jpg\" alt=\"\" class=\"wp-image-10165\" width=\"350\" height=\"197\" srcset=\"https:\/\/heimatverein-wulfen.de\/wp01\/wp-content\/uploads\/2023\/03\/HVW_Gedenktag_2023_03_22_02.jpg 700w, https:\/\/heimatverein-wulfen.de\/wp01\/wp-content\/uploads\/2023\/03\/HVW_Gedenktag_2023_03_22_02-300x168.jpg 300w\" sizes=\"auto, (max-width: 350px) 100vw, 350px\" \/><\/a><\/figure>\n<\/div>\n\n<div class=\"wp-block-image\">\n<figure class=\"alignleft size-full is-resized\"><a href=\"https:\/\/heimatverein-wulfen.de\/wp01\/wp-content\/uploads\/2023\/03\/HVW_Gedenktag_2023_03_22_03.jpg\" rel=\"lightbox[10031]\"><img loading=\"lazy\" decoding=\"async\" src=\"https:\/\/heimatverein-wulfen.de\/wp01\/wp-content\/uploads\/2023\/03\/HVW_Gedenktag_2023_03_22_03.jpg\" alt=\"\" class=\"wp-image-10166\" width=\"350\" height=\"197\" srcset=\"https:\/\/heimatverein-wulfen.de\/wp01\/wp-content\/uploads\/2023\/03\/HVW_Gedenktag_2023_03_22_03.jpg 700w, https:\/\/heimatverein-wulfen.de\/wp01\/wp-content\/uploads\/2023\/03\/HVW_Gedenktag_2023_03_22_03-300x168.jpg 300w\" sizes=\"auto, (max-width: 350px) 100vw, 350px\" \/><\/a><\/figure>\n<\/div>","protected":false},"excerpt":{"rendered":"<p>Am Jahrestag der Zerst\u00f6rung der Dorfmitte Wulfens und seiner St.Matth\u00e4uskirche kamen 35 Teilnehmer zur Gedenkveranstaltung des Heimatverein Wulfen.Als Einstimmung spielte Pia Kretschmann die Syrinx von Debussy.Helmut Richter trug einen Zeitzeugenbericht<\/p>\n<p><a href=\"https:\/\/heimatverein-wulfen.de\/wp01\/2023\/01\/17\/78-jahrestag-der-bombardierung-wulfens\/\" class=\"more-link themebutton\">Read More<\/a><\/p>\n","protected":false},"author":6,"featured_media":0,"comment_status":"open","ping_status":"open","sticky":false,"template":"","format":"standard","meta":{"_cbd_carousel_blocks":"[]","footnotes":""},"categories":[25],"tags":[],"class_list":["post-10031","post","type-post","status-publish","format-standard","hentry","category-aktuelles"],"publishpress_future_action":{"enabled":false,"date":"2026-05-09 13:13:17","action":"change-status","newStatus":"draft","terms":[],"taxonomy":"category","extraData":[]},"publishpress_future_workflow_manual_trigger":{"enabledWorkflows":[]},"_links":{"self":[{"href":"https:\/\/heimatverein-wulfen.de\/wp01\/wp-json\/wp\/v2\/posts\/10031","targetHints":{"allow":["GET"]}}],"collection":[{"href":"https:\/\/heimatverein-wulfen.de\/wp01\/wp-json\/wp\/v2\/posts"}],"about":[{"href":"https:\/\/heimatverein-wulfen.de\/wp01\/wp-json\/wp\/v2\/types\/post"}],"author":[{"embeddable":true,"href":"https:\/\/heimatverein-wulfen.de\/wp01\/wp-json\/wp\/v2\/users\/6"}],"replies":[{"embeddable":true,"href":"https:\/\/heimatverein-wulfen.de\/wp01\/wp-json\/wp\/v2\/comments?post=10031"}],"version-history":[{"count":5,"href":"https:\/\/heimatverein-wulfen.de\/wp01\/wp-json\/wp\/v2\/posts\/10031\/revisions"}],"predecessor-version":[{"id":10169,"href":"https:\/\/heimatverein-wulfen.de\/wp01\/wp-json\/wp\/v2\/posts\/10031\/revisions\/10169"}],"wp:attachment":[{"href":"https:\/\/heimatverein-wulfen.de\/wp01\/wp-json\/wp\/v2\/media?parent=10031"}],"wp:term":[{"taxonomy":"category","embeddable":true,"href":"https:\/\/heimatverein-wulfen.de\/wp01\/wp-json\/wp\/v2\/categories?post=10031"},{"taxonomy":"post_tag","embeddable":true,"href":"https:\/\/heimatverein-wulfen.de\/wp01\/wp-json\/wp\/v2\/tags?post=10031"}],"curies":[{"name":"wp","href":"https:\/\/api.w.org\/{rel}","templated":true}]}}