{"id":10134,"date":"2023-03-01T14:29:40","date_gmt":"2023-03-01T13:29:40","guid":{"rendered":"https:\/\/heimatverein-wulfen.de\/wp01\/?p=10134"},"modified":"2023-03-30T13:07:28","modified_gmt":"2023-03-30T11:07:28","slug":"beteiligung-dorstener-flurwochen-2023","status":"publish","type":"post","link":"https:\/\/heimatverein-wulfen.de\/wp01\/2023\/03\/01\/beteiligung-dorstener-flurwochen-2023\/","title":{"rendered":"Beteiligung Dorstener Flurwochen 2023"},"content":{"rendered":"<div class=\"wp-block-image\">\n<figure class=\"alignleft size-full is-resized\"><a href=\"https:\/\/heimatverein-wulfen.de\/wp01\/wp-content\/uploads\/2023\/03\/HVW_Besentage_2023_003.jpg\" rel=\"lightbox[10134]\"><img loading=\"lazy\" decoding=\"async\" src=\"https:\/\/heimatverein-wulfen.de\/wp01\/wp-content\/uploads\/2023\/03\/HVW_Besentage_2023_003.jpg\" alt=\"\" class=\"wp-image-10173\" width=\"350\" height=\"197\" srcset=\"https:\/\/heimatverein-wulfen.de\/wp01\/wp-content\/uploads\/2023\/03\/HVW_Besentage_2023_003.jpg 700w, https:\/\/heimatverein-wulfen.de\/wp01\/wp-content\/uploads\/2023\/03\/HVW_Besentage_2023_003-300x169.jpg 300w\" sizes=\"auto, (max-width: 350px) 100vw, 350px\" \/><\/a><\/figure>\n<\/div>\n\n\n<p class=\"has-text-align-left has-medium-font-size\">Am vergangenen Wochenende beteiligte sich der Heimatverein Wulfen an den diesj\u00e4hrigen Dorstener Besentagen.<br>Eine starke Truppe von Frauen und M\u00e4nnern reinigte einige Stra\u00dfenabschnitte und beispielsweise auch den Park Im Wauert in Alt Wulfen. Gefunden wurde<strong>n <\/strong>innerhalb k\u00fcrzester Zeit drei ganze Autoanh\u00e4nger voll Unrat, unter anderem auch vier Autoreifen mit Felgen, die augenscheinlich schon l\u00e4nger in einem Waldst\u00fcck lagen.<br>Nach getaner Arbeit trafen sich die Beteiligten im Heimathaus und st\u00e4rkten sich kurz bei einem kleinen Imbiss.<br>Text: Guido Bludau,<br>Fotos: Guido Bludau, Heinz Humbert<\/p>\n\n\n<div class=\"wp-block-image\">\n<figure class=\"alignleft size-large is-resized\"><a href=\"https:\/\/heimatverein-wulfen.de\/wp01\/wp-content\/uploads\/2023\/03\/Besentage_2023.jpg\" rel=\"lightbox[10134]\"><img loading=\"lazy\" decoding=\"async\" src=\"https:\/\/heimatverein-wulfen.de\/wp01\/wp-content\/uploads\/2023\/03\/Besentage_2023-724x1024.jpg\" alt=\"\" class=\"wp-image-10135\" width=\"362\" height=\"512\" srcset=\"https:\/\/heimatverein-wulfen.de\/wp01\/wp-content\/uploads\/2023\/03\/Besentage_2023-724x1024.jpg 724w, https:\/\/heimatverein-wulfen.de\/wp01\/wp-content\/uploads\/2023\/03\/Besentage_2023-212x300.jpg 212w, https:\/\/heimatverein-wulfen.de\/wp01\/wp-content\/uploads\/2023\/03\/Besentage_2023-768x1087.jpg 768w, https:\/\/heimatverein-wulfen.de\/wp01\/wp-content\/uploads\/2023\/03\/Besentage_2023.jpg 793w\" sizes=\"auto, (max-width: 362px) 100vw, 362px\" \/><\/a><\/figure>\n<\/div>","protected":false},"excerpt":{"rendered":"<p>Am vergangenen Wochenende beteiligte sich der Heimatverein Wulfen an den diesj\u00e4hrigen Dorstener Besentagen.Eine starke Truppe von Frauen und M\u00e4nnern reinigte einige Stra\u00dfenabschnitte und beispielsweise auch den Park Im Wauert in<\/p>\n<p><a href=\"https:\/\/heimatverein-wulfen.de\/wp01\/2023\/03\/01\/beteiligung-dorstener-flurwochen-2023\/\" class=\"more-link themebutton\">Read More<\/a><\/p>\n","protected":false},"author":6,"featured_media":0,"comment_status":"open","ping_status":"open","sticky":false,"template":"","format":"standard","meta":{"_cbd_carousel_blocks":"[]","footnotes":""},"categories":[25],"tags":[],"class_list":["post-10134","post","type-post","status-publish","format-standard","hentry","category-aktuelles"],"publishpress_future_action":{"enabled":false,"date":"2026-05-05 17:43:50","action":"change-status","newStatus":"draft","terms":[],"taxonomy":"category","extraData":[]},"publishpress_future_workflow_manual_trigger":{"enabledWorkflows":[]},"_links":{"self":[{"href":"https:\/\/heimatverein-wulfen.de\/wp01\/wp-json\/wp\/v2\/posts\/10134","targetHints":{"allow":["GET"]}}],"collection":[{"href":"https:\/\/heimatverein-wulfen.de\/wp01\/wp-json\/wp\/v2\/posts"}],"about":[{"href":"https:\/\/heimatverein-wulfen.de\/wp01\/wp-json\/wp\/v2\/types\/post"}],"author":[{"embeddable":true,"href":"https:\/\/heimatverein-wulfen.de\/wp01\/wp-json\/wp\/v2\/users\/6"}],"replies":[{"embeddable":true,"href":"https:\/\/heimatverein-wulfen.de\/wp01\/wp-json\/wp\/v2\/comments?post=10134"}],"version-history":[{"count":7,"href":"https:\/\/heimatverein-wulfen.de\/wp01\/wp-json\/wp\/v2\/posts\/10134\/revisions"}],"predecessor-version":[{"id":10178,"href":"https:\/\/heimatverein-wulfen.de\/wp01\/wp-json\/wp\/v2\/posts\/10134\/revisions\/10178"}],"wp:attachment":[{"href":"https:\/\/heimatverein-wulfen.de\/wp01\/wp-json\/wp\/v2\/media?parent=10134"}],"wp:term":[{"taxonomy":"category","embeddable":true,"href":"https:\/\/heimatverein-wulfen.de\/wp01\/wp-json\/wp\/v2\/categories?post=10134"},{"taxonomy":"post_tag","embeddable":true,"href":"https:\/\/heimatverein-wulfen.de\/wp01\/wp-json\/wp\/v2\/tags?post=10134"}],"curies":[{"name":"wp","href":"https:\/\/api.w.org\/{rel}","templated":true}]}}