{"id":10192,"date":"2023-04-24T00:45:16","date_gmt":"2023-04-23T22:45:16","guid":{"rendered":"https:\/\/heimatverein-wulfen.de\/wp01\/?p=10192"},"modified":"2023-04-24T00:51:44","modified_gmt":"2023-04-23T22:51:44","slug":"ehrung-bei-grosser-gala-in-dorsten","status":"publish","type":"post","link":"https:\/\/heimatverein-wulfen.de\/wp01\/2023\/04\/24\/ehrung-bei-grosser-gala-in-dorsten\/","title":{"rendered":"Ehrung bei gro\u00dfer Gala in Dorsten"},"content":{"rendered":"\n<p class=\"has-medium-font-size\">Nach langer Corona-Pause hat die Stadt Dorsten ehrenamtliches Engagement wieder gew\u00fcrdigt.<\/p>\n\n\n\n<p class=\"has-medium-font-size\">Mit einer mehrst\u00fcndigen Gala hat die Stadt Dorsten am Freitagabend in der Aula der St. Ursula-Realschule besonderes ehrenamtliches Engagement gew\u00fcrdigt. Umrahmt von einem wie immer stimmungsvollen Unterhaltungsprogramm wurden auch zwei Wulfener f\u00fcr ehrenamtliches Engagement geehrt.<\/p>\n\n\n\n<p class=\"has-medium-font-size\"><strong>Auszeichnung: Zwei Wulfener Ehrenamtliche<\/strong><\/p>\n\n\n<div class=\"wp-block-image\">\n<figure class=\"alignleft size-full is-resized\"><a href=\"https:\/\/heimatverein-wulfen.de\/wp01\/wp-content\/uploads\/2023\/04\/630_0900_2867036_Elke_Stein_Hecky-1024x683-1.jpg\" rel=\"lightbox[10192]\"><img loading=\"lazy\" decoding=\"async\" src=\"https:\/\/heimatverein-wulfen.de\/wp01\/wp-content\/uploads\/2023\/04\/630_0900_2867036_Elke_Stein_Hecky-1024x683-1.jpg\" alt=\"\" class=\"wp-image-10194\" width=\"512\" height=\"342\" srcset=\"https:\/\/heimatverein-wulfen.de\/wp01\/wp-content\/uploads\/2023\/04\/630_0900_2867036_Elke_Stein_Hecky-1024x683-1.jpg 1024w, https:\/\/heimatverein-wulfen.de\/wp01\/wp-content\/uploads\/2023\/04\/630_0900_2867036_Elke_Stein_Hecky-1024x683-1-300x200.jpg 300w, https:\/\/heimatverein-wulfen.de\/wp01\/wp-content\/uploads\/2023\/04\/630_0900_2867036_Elke_Stein_Hecky-1024x683-1-768x512.jpg 768w, https:\/\/heimatverein-wulfen.de\/wp01\/wp-content\/uploads\/2023\/04\/630_0900_2867036_Elke_Stein_Hecky-1024x683-1-570x380.jpg 570w, https:\/\/heimatverein-wulfen.de\/wp01\/wp-content\/uploads\/2023\/04\/630_0900_2867036_Elke_Stein_Hecky-1024x683-1-380x254.jpg 380w, https:\/\/heimatverein-wulfen.de\/wp01\/wp-content\/uploads\/2023\/04\/630_0900_2867036_Elke_Stein_Hecky-1024x683-1-285x190.jpg 285w\" sizes=\"auto, (max-width: 512px) 100vw, 512px\" \/><\/a><figcaption>Elke Stein-Hecky<\/figcaption><\/figure>\n<\/div>\n\n\n<p class=\"has-text-align-left has-medium-font-size\">Elke Stein-Hecky (Wulfen) war 1994 Mitbegr\u00fcnderin des F\u00f6rdervereins der Wittenbrinkschule und setzte sich in au\u00dfergew\u00f6hnlichem Ma\u00dfe f\u00fcr ihn ein. Seit 16 Jahren ist sie Vorsitzende, obwohl ihre Kinder die Grundschule schon lange verlassen haben.<\/p>\n\n\n\n<p class=\"has-text-align-left has-medium-font-size\">Begr\u00fcndung der Jury: \u201eElke Stein-Hecky wird insbesondere auch f\u00fcr ihr stetes Weitermachen in ihrer Aufgabe ausgezeichnet, obwohl sie selber vom Schulbetrieb gar nicht mehr betroffen ist.\u201c<\/p>\n\n\n<div class=\"wp-block-image\">\n<figure class=\"alignleft size-full is-resized\"><a href=\"https:\/\/heimatverein-wulfen.de\/wp01\/wp-content\/uploads\/2023\/04\/630_0900_2867035_Christian_Gruber-1024x683-1.jpg\" rel=\"lightbox[10192]\"><img loading=\"lazy\" decoding=\"async\" src=\"https:\/\/heimatverein-wulfen.de\/wp01\/wp-content\/uploads\/2023\/04\/630_0900_2867035_Christian_Gruber-1024x683-1.jpg\" alt=\"\" class=\"wp-image-10193\" width=\"512\" height=\"342\" srcset=\"https:\/\/heimatverein-wulfen.de\/wp01\/wp-content\/uploads\/2023\/04\/630_0900_2867035_Christian_Gruber-1024x683-1.jpg 1024w, https:\/\/heimatverein-wulfen.de\/wp01\/wp-content\/uploads\/2023\/04\/630_0900_2867035_Christian_Gruber-1024x683-1-300x200.jpg 300w, https:\/\/heimatverein-wulfen.de\/wp01\/wp-content\/uploads\/2023\/04\/630_0900_2867035_Christian_Gruber-1024x683-1-768x512.jpg 768w, https:\/\/heimatverein-wulfen.de\/wp01\/wp-content\/uploads\/2023\/04\/630_0900_2867035_Christian_Gruber-1024x683-1-570x380.jpg 570w, https:\/\/heimatverein-wulfen.de\/wp01\/wp-content\/uploads\/2023\/04\/630_0900_2867035_Christian_Gruber-1024x683-1-380x254.jpg 380w, https:\/\/heimatverein-wulfen.de\/wp01\/wp-content\/uploads\/2023\/04\/630_0900_2867035_Christian_Gruber-1024x683-1-285x190.jpg 285w\" sizes=\"auto, (max-width: 512px) 100vw, 512px\" \/><\/a><figcaption>Christian Gruber<\/figcaption><\/figure>\n<\/div>\n\n\n<p class=\"has-medium-font-size\">Christian Gruber (Wulfen) hat 2006 die Internetplattform \u201eWulfen-Wiki\u201c ins Leben gerufen. Mit der Kamera ist er oft in seinem Heimat-Stadtteil bei Veranstaltungen anzutreffen, leitet F\u00fchrungen und ist immer auf der Suche nach Besonderheiten. Au\u00dferdem ist es ihm wichtig, den besonderen Charakter von Barkenberg als Planstadt lebendig zu halten.<\/p>\n\n\n\n<p class=\"has-medium-font-size\">Begr\u00fcndung der Jury: \u201eChristian Gruber st\u00e4rkt die Bedeutung, die Barkenberg auch f\u00fcr ganz Dorsten \u00fcber die Stadtgrenzen hinaus hat. Sowohl wissenschaftlich als auch kulturell interessierte G\u00e4ste von au\u00dfen bekommen durch seine Arbeit einen spannenden Zugang.\u201c<\/p>\n\n\n\n<p class=\"has-medium-font-size\">Quelle: Dorstener Zeitung <a rel=\"noreferrer noopener\" href=\"https:\/\/www.dorstenerzeitung.de\/dorsten\/ehrung-bei-gala-in-dorsten-ursula-kuesters-ist-ein-vorbild-an-ehrenamtlichem-engagement-w722880-4000758378\/\" target=\"_blank\">https:\/\/www.dorstenerzeitung.de\/dorsten\/ehrung-bei-gala-in-dorsten-ursula-kuesters-ist-ein-vorbild-an-ehrenamtlichem-engagement-w722880-4000758378\/<\/a><\/p>\n","protected":false},"excerpt":{"rendered":"<p>Nach langer Corona-Pause hat die Stadt Dorsten ehrenamtliches Engagement wieder gew\u00fcrdigt. Mit einer mehrst\u00fcndigen Gala hat die Stadt Dorsten am Freitagabend in der Aula der St. Ursula-Realschule besonderes ehrenamtliches Engagement<\/p>\n<p><a href=\"https:\/\/heimatverein-wulfen.de\/wp01\/2023\/04\/24\/ehrung-bei-grosser-gala-in-dorsten\/\" class=\"more-link themebutton\">Read More<\/a><\/p>\n","protected":false},"author":6,"featured_media":0,"comment_status":"open","ping_status":"open","sticky":false,"template":"","format":"standard","meta":{"_cbd_carousel_blocks":"[]","footnotes":""},"categories":[25],"tags":[],"class_list":["post-10192","post","type-post","status-publish","format-standard","hentry","category-aktuelles"],"publishpress_future_action":{"enabled":false,"date":"2026-05-07 12:56:43","action":"change-status","newStatus":"draft","terms":[],"taxonomy":"category","extraData":[]},"publishpress_future_workflow_manual_trigger":{"enabledWorkflows":[]},"_links":{"self":[{"href":"https:\/\/heimatverein-wulfen.de\/wp01\/wp-json\/wp\/v2\/posts\/10192","targetHints":{"allow":["GET"]}}],"collection":[{"href":"https:\/\/heimatverein-wulfen.de\/wp01\/wp-json\/wp\/v2\/posts"}],"about":[{"href":"https:\/\/heimatverein-wulfen.de\/wp01\/wp-json\/wp\/v2\/types\/post"}],"author":[{"embeddable":true,"href":"https:\/\/heimatverein-wulfen.de\/wp01\/wp-json\/wp\/v2\/users\/6"}],"replies":[{"embeddable":true,"href":"https:\/\/heimatverein-wulfen.de\/wp01\/wp-json\/wp\/v2\/comments?post=10192"}],"version-history":[{"count":9,"href":"https:\/\/heimatverein-wulfen.de\/wp01\/wp-json\/wp\/v2\/posts\/10192\/revisions"}],"predecessor-version":[{"id":10203,"href":"https:\/\/heimatverein-wulfen.de\/wp01\/wp-json\/wp\/v2\/posts\/10192\/revisions\/10203"}],"wp:attachment":[{"href":"https:\/\/heimatverein-wulfen.de\/wp01\/wp-json\/wp\/v2\/media?parent=10192"}],"wp:term":[{"taxonomy":"category","embeddable":true,"href":"https:\/\/heimatverein-wulfen.de\/wp01\/wp-json\/wp\/v2\/categories?post=10192"},{"taxonomy":"post_tag","embeddable":true,"href":"https:\/\/heimatverein-wulfen.de\/wp01\/wp-json\/wp\/v2\/tags?post=10192"}],"curies":[{"name":"wp","href":"https:\/\/api.w.org\/{rel}","templated":true}]}}