{"id":10298,"date":"2023-07-05T09:19:20","date_gmt":"2023-07-05T07:19:20","guid":{"rendered":"https:\/\/heimatverein-wulfen.de\/wp01\/?p=10298"},"modified":"2023-07-05T09:19:20","modified_gmt":"2023-07-05T07:19:20","slug":"feldgottesdienst-auf-dem-hof-schuermann-buchenhoefe-117","status":"publish","type":"post","link":"https:\/\/heimatverein-wulfen.de\/wp01\/2023\/07\/05\/feldgottesdienst-auf-dem-hof-schuermann-buchenhoefe-117\/","title":{"rendered":"Feldgottesdienst auf dem Hof Sch\u00fcrmann, Buchenh\u00f6fe 117\u00a0"},"content":{"rendered":"\n<p>Am Sonntag, 30. Juli findet um 10.30 Uhr &#8211; auch bei schlechtem Wetter &#8211;&nbsp; ein Feldgottesdienst der Kirchengemeinde St. Matth\u00e4us auf dem Hof von Hermann Sch\u00fcrmann statt. Nach der Hl. Messe veranstaltet der&nbsp;<\/p>\n\n\n\n<p>Heimatverein einen Fr\u00fchschoppen mit gek\u00fchlten Getr\u00e4nken. Dazu werden Pommes\/Currywurst u. Bratwurst im Br\u00f6tchen angeboten. Die K\u00fcche kann also kalt bleiben.<\/p>\n","protected":false},"excerpt":{"rendered":"<p>Am Sonntag, 30. Juli findet um 10.30 Uhr &#8211; auch bei schlechtem Wetter &#8211;&nbsp; ein Feldgottesdienst der Kirchengemeinde St. Matth\u00e4us auf dem Hof von Hermann Sch\u00fcrmann statt. Nach der Hl.<\/p>\n<p><a href=\"https:\/\/heimatverein-wulfen.de\/wp01\/2023\/07\/05\/feldgottesdienst-auf-dem-hof-schuermann-buchenhoefe-117\/\" class=\"more-link themebutton\">Read More<\/a><\/p>\n","protected":false},"author":5,"featured_media":10295,"comment_status":"open","ping_status":"open","sticky":false,"template":"","format":"standard","meta":{"_cbd_carousel_blocks":"[]","footnotes":""},"categories":[25],"tags":[],"class_list":["post-10298","post","type-post","status-publish","format-standard","has-post-thumbnail","hentry","category-aktuelles"],"publishpress_future_action":{"enabled":false,"date":"2026-05-05 23:01:31","action":"change-status","newStatus":"draft","terms":[],"taxonomy":"category","extraData":[]},"publishpress_future_workflow_manual_trigger":{"enabledWorkflows":[]},"_links":{"self":[{"href":"https:\/\/heimatverein-wulfen.de\/wp01\/wp-json\/wp\/v2\/posts\/10298","targetHints":{"allow":["GET"]}}],"collection":[{"href":"https:\/\/heimatverein-wulfen.de\/wp01\/wp-json\/wp\/v2\/posts"}],"about":[{"href":"https:\/\/heimatverein-wulfen.de\/wp01\/wp-json\/wp\/v2\/types\/post"}],"author":[{"embeddable":true,"href":"https:\/\/heimatverein-wulfen.de\/wp01\/wp-json\/wp\/v2\/users\/5"}],"replies":[{"embeddable":true,"href":"https:\/\/heimatverein-wulfen.de\/wp01\/wp-json\/wp\/v2\/comments?post=10298"}],"version-history":[{"count":1,"href":"https:\/\/heimatverein-wulfen.de\/wp01\/wp-json\/wp\/v2\/posts\/10298\/revisions"}],"predecessor-version":[{"id":10299,"href":"https:\/\/heimatverein-wulfen.de\/wp01\/wp-json\/wp\/v2\/posts\/10298\/revisions\/10299"}],"wp:featuredmedia":[{"embeddable":true,"href":"https:\/\/heimatverein-wulfen.de\/wp01\/wp-json\/wp\/v2\/media\/10295"}],"wp:attachment":[{"href":"https:\/\/heimatverein-wulfen.de\/wp01\/wp-json\/wp\/v2\/media?parent=10298"}],"wp:term":[{"taxonomy":"category","embeddable":true,"href":"https:\/\/heimatverein-wulfen.de\/wp01\/wp-json\/wp\/v2\/categories?post=10298"},{"taxonomy":"post_tag","embeddable":true,"href":"https:\/\/heimatverein-wulfen.de\/wp01\/wp-json\/wp\/v2\/tags?post=10298"}],"curies":[{"name":"wp","href":"https:\/\/api.w.org\/{rel}","templated":true}]}}