{"id":10312,"date":"2023-07-18T10:21:26","date_gmt":"2023-07-18T08:21:26","guid":{"rendered":"https:\/\/heimatverein-wulfen.de\/wp01\/?p=10312"},"modified":"2023-07-18T10:35:38","modified_gmt":"2023-07-18T08:35:38","slug":"wulfener-heimatverein-lud-geburtstagskinder-ab-80-jahre-zum-geselligen-kaffeetrinken","status":"publish","type":"post","link":"https:\/\/heimatverein-wulfen.de\/wp01\/2023\/07\/18\/wulfener-heimatverein-lud-geburtstagskinder-ab-80-jahre-zum-geselligen-kaffeetrinken\/","title":{"rendered":"Wulfener Heimatverein lud &#8222;Geburtstagskinder&#8220; ab 80 Jahre zum geselligen Kaffeetrinken"},"content":{"rendered":"\n<p>Am vergangenen Sonntag fand im Wulfener Heimathaus ein gem\u00fctliches Beisammensein f\u00fcr die &#8222;Geburtstagskinder&#8220; ab 80 Jahre statt, da ab 2023 keine Geburtstagsbesuche mehr erfolgen. Die Mitglieder, die im 1. Halbjahr<\/p>\n\n\n\n<p>2023 80, 85, und 90 Jahre alt wurden, erhielten eine Einladung. Dar\u00fcber alle Mitglieder \u00fcber 90 Jahre. Insgesamt wurden 22 Mitglieder eingeladen. Die Vorsitzenden Elli Vadder und Johannes Kr\u00fcmpel konnten an diesem Nachmittag auch das \u00e4lteste Mitglied, Frau Maria Ketteler (99 Jahre) begr\u00fc\u00dfen. In geselliger Runde wurde viel gekl\u00f6nt und sich \u00fcber \u00e4ltere als auch neue Themen ausgetauscht.<\/p>\n\n\n\n<figure class=\"wp-block-gallery has-nested-images columns-default is-cropped wp-block-gallery-1 is-layout-flex wp-block-gallery-is-layout-flex\">\n<figure class=\"wp-block-image size-large\"><img loading=\"lazy\" decoding=\"async\" width=\"2560\" height=\"1702\" data-id=\"10314\" src=\"https:\/\/heimatverein-wulfen.de\/wp01\/wp-content\/uploads\/2023\/07\/Heimatverein-Wulfen-Geburtstagskaffee-Jubilare-09_07_2023-FotoBludau-B-scaled.jpg\" alt=\"\" class=\"wp-image-10314\" srcset=\"https:\/\/heimatverein-wulfen.de\/wp01\/wp-content\/uploads\/2023\/07\/Heimatverein-Wulfen-Geburtstagskaffee-Jubilare-09_07_2023-FotoBludau-B-scaled.jpg 2560w, https:\/\/heimatverein-wulfen.de\/wp01\/wp-content\/uploads\/2023\/07\/Heimatverein-Wulfen-Geburtstagskaffee-Jubilare-09_07_2023-FotoBludau-B-300x200.jpg 300w, https:\/\/heimatverein-wulfen.de\/wp01\/wp-content\/uploads\/2023\/07\/Heimatverein-Wulfen-Geburtstagskaffee-Jubilare-09_07_2023-FotoBludau-B-1024x681.jpg 1024w, https:\/\/heimatverein-wulfen.de\/wp01\/wp-content\/uploads\/2023\/07\/Heimatverein-Wulfen-Geburtstagskaffee-Jubilare-09_07_2023-FotoBludau-B-768x511.jpg 768w, https:\/\/heimatverein-wulfen.de\/wp01\/wp-content\/uploads\/2023\/07\/Heimatverein-Wulfen-Geburtstagskaffee-Jubilare-09_07_2023-FotoBludau-B-1536x1021.jpg 1536w, https:\/\/heimatverein-wulfen.de\/wp01\/wp-content\/uploads\/2023\/07\/Heimatverein-Wulfen-Geburtstagskaffee-Jubilare-09_07_2023-FotoBludau-B-2048x1362.jpg 2048w, https:\/\/heimatverein-wulfen.de\/wp01\/wp-content\/uploads\/2023\/07\/Heimatverein-Wulfen-Geburtstagskaffee-Jubilare-09_07_2023-FotoBludau-B-570x380.jpg 570w, https:\/\/heimatverein-wulfen.de\/wp01\/wp-content\/uploads\/2023\/07\/Heimatverein-Wulfen-Geburtstagskaffee-Jubilare-09_07_2023-FotoBludau-B-380x254.jpg 380w, https:\/\/heimatverein-wulfen.de\/wp01\/wp-content\/uploads\/2023\/07\/Heimatverein-Wulfen-Geburtstagskaffee-Jubilare-09_07_2023-FotoBludau-B-285x190.jpg 285w\" sizes=\"auto, (max-width: 2560px) 100vw, 2560px\" \/><\/figure>\n\n\n\n<figure class=\"wp-block-image size-large\"><img loading=\"lazy\" decoding=\"async\" width=\"2560\" height=\"1707\" data-id=\"10313\" src=\"https:\/\/heimatverein-wulfen.de\/wp01\/wp-content\/uploads\/2023\/07\/Heimatverein-Wulfen-Geburtstagskaffee-Jubilare-09_07_2023-FotoBludau-A-scaled.jpg\" alt=\"\" class=\"wp-image-10313\" srcset=\"https:\/\/heimatverein-wulfen.de\/wp01\/wp-content\/uploads\/2023\/07\/Heimatverein-Wulfen-Geburtstagskaffee-Jubilare-09_07_2023-FotoBludau-A-scaled.jpg 2560w, https:\/\/heimatverein-wulfen.de\/wp01\/wp-content\/uploads\/2023\/07\/Heimatverein-Wulfen-Geburtstagskaffee-Jubilare-09_07_2023-FotoBludau-A-300x200.jpg 300w, https:\/\/heimatverein-wulfen.de\/wp01\/wp-content\/uploads\/2023\/07\/Heimatverein-Wulfen-Geburtstagskaffee-Jubilare-09_07_2023-FotoBludau-A-1024x683.jpg 1024w, https:\/\/heimatverein-wulfen.de\/wp01\/wp-content\/uploads\/2023\/07\/Heimatverein-Wulfen-Geburtstagskaffee-Jubilare-09_07_2023-FotoBludau-A-768x512.jpg 768w, https:\/\/heimatverein-wulfen.de\/wp01\/wp-content\/uploads\/2023\/07\/Heimatverein-Wulfen-Geburtstagskaffee-Jubilare-09_07_2023-FotoBludau-A-1536x1024.jpg 1536w, https:\/\/heimatverein-wulfen.de\/wp01\/wp-content\/uploads\/2023\/07\/Heimatverein-Wulfen-Geburtstagskaffee-Jubilare-09_07_2023-FotoBludau-A-2048x1365.jpg 2048w, https:\/\/heimatverein-wulfen.de\/wp01\/wp-content\/uploads\/2023\/07\/Heimatverein-Wulfen-Geburtstagskaffee-Jubilare-09_07_2023-FotoBludau-A-1140x760.jpg 1140w, https:\/\/heimatverein-wulfen.de\/wp01\/wp-content\/uploads\/2023\/07\/Heimatverein-Wulfen-Geburtstagskaffee-Jubilare-09_07_2023-FotoBludau-A-570x380.jpg 570w, https:\/\/heimatverein-wulfen.de\/wp01\/wp-content\/uploads\/2023\/07\/Heimatverein-Wulfen-Geburtstagskaffee-Jubilare-09_07_2023-FotoBludau-A-380x254.jpg 380w, https:\/\/heimatverein-wulfen.de\/wp01\/wp-content\/uploads\/2023\/07\/Heimatverein-Wulfen-Geburtstagskaffee-Jubilare-09_07_2023-FotoBludau-A-285x190.jpg 285w\" sizes=\"auto, (max-width: 2560px) 100vw, 2560px\" \/><\/figure>\n<\/figure>\n","protected":false},"excerpt":{"rendered":"<p>Am vergangenen Sonntag fand im Wulfener Heimathaus ein gem\u00fctliches Beisammensein f\u00fcr die &#8222;Geburtstagskinder&#8220; ab 80 Jahre statt, da ab 2023 keine Geburtstagsbesuche mehr erfolgen. Die Mitglieder, die im 1. Halbjahr<\/p>\n<p><a href=\"https:\/\/heimatverein-wulfen.de\/wp01\/2023\/07\/18\/wulfener-heimatverein-lud-geburtstagskinder-ab-80-jahre-zum-geselligen-kaffeetrinken\/\" class=\"more-link themebutton\">Read More<\/a><\/p>\n","protected":false},"author":5,"featured_media":0,"comment_status":"open","ping_status":"open","sticky":false,"template":"","format":"standard","meta":{"_cbd_carousel_blocks":"[]","footnotes":""},"categories":[25,1],"tags":[],"class_list":["post-10312","post","type-post","status-publish","format-standard","hentry","category-aktuelles","category-allgemein"],"publishpress_future_action":{"enabled":false,"date":"2026-05-09 11:25:51","action":"change-status","newStatus":"draft","terms":[],"taxonomy":"category","extraData":[]},"publishpress_future_workflow_manual_trigger":{"enabledWorkflows":[]},"_links":{"self":[{"href":"https:\/\/heimatverein-wulfen.de\/wp01\/wp-json\/wp\/v2\/posts\/10312","targetHints":{"allow":["GET"]}}],"collection":[{"href":"https:\/\/heimatverein-wulfen.de\/wp01\/wp-json\/wp\/v2\/posts"}],"about":[{"href":"https:\/\/heimatverein-wulfen.de\/wp01\/wp-json\/wp\/v2\/types\/post"}],"author":[{"embeddable":true,"href":"https:\/\/heimatverein-wulfen.de\/wp01\/wp-json\/wp\/v2\/users\/5"}],"replies":[{"embeddable":true,"href":"https:\/\/heimatverein-wulfen.de\/wp01\/wp-json\/wp\/v2\/comments?post=10312"}],"version-history":[{"count":4,"href":"https:\/\/heimatverein-wulfen.de\/wp01\/wp-json\/wp\/v2\/posts\/10312\/revisions"}],"predecessor-version":[{"id":10334,"href":"https:\/\/heimatverein-wulfen.de\/wp01\/wp-json\/wp\/v2\/posts\/10312\/revisions\/10334"}],"wp:attachment":[{"href":"https:\/\/heimatverein-wulfen.de\/wp01\/wp-json\/wp\/v2\/media?parent=10312"}],"wp:term":[{"taxonomy":"category","embeddable":true,"href":"https:\/\/heimatverein-wulfen.de\/wp01\/wp-json\/wp\/v2\/categories?post=10312"},{"taxonomy":"post_tag","embeddable":true,"href":"https:\/\/heimatverein-wulfen.de\/wp01\/wp-json\/wp\/v2\/tags?post=10312"}],"curies":[{"name":"wp","href":"https:\/\/api.w.org\/{rel}","templated":true}]}}