{"id":10317,"date":"2023-07-18T10:24:25","date_gmt":"2023-07-18T08:24:25","guid":{"rendered":"https:\/\/heimatverein-wulfen.de\/wp01\/?p=10317"},"modified":"2023-07-18T10:30:34","modified_gmt":"2023-07-18T08:30:34","slug":"heimatverein-wulfen-verabschiedet-langjaehrigen-kiepenkerl-mit-grossem-dankeschoen-und-lobenden-worten","status":"publish","type":"post","link":"https:\/\/heimatverein-wulfen.de\/wp01\/2023\/07\/18\/heimatverein-wulfen-verabschiedet-langjaehrigen-kiepenkerl-mit-grossem-dankeschoen-und-lobenden-worten\/","title":{"rendered":"Heimatverein Wulfen verabschiedet langj\u00e4hrigen Kiepenkerl mit gro\u00dfem Dankesch\u00f6n und lobenden Worten"},"content":{"rendered":"\n<p>Nach \u00fcber 20-j\u00e4hriger T\u00e4tigkeit als Wulfener Kiepenkerl geht Bernhard Heming in den Ruhestand. Nach dem Feldgottesdienst am vergangenen Sonntag wurde Bernhard Heming als langj\u00e4hriger Kiepenkerl vom 1. Vorsitzenden Johannes Kr\u00fcmpel, dem aktuellen Kiepenkerl Kalle Lutz und 1. Gesch\u00e4ftsf\u00fchrer Martin Huthmacher, offiziell verabschiedet. In seiner Abschiedsrede bedankte sich Johannes Kr\u00fcmpel bei Bernhard Heming f\u00fcr seinen langj\u00e4hrigen Einsatz.<\/p>\n\n\n\n<p>Bernhard Heming erhielt vom Verein eine Ehrenurkunde und ein Pr\u00e4sent als Erinnerung f\u00fcr seine Einsatz als Kiepenkerl, den er stets mit viel Herzblut und Leidenschaft ausgef\u00fcllt hat. &nbsp;<\/p>\n\n\n\n<figure class=\"wp-block-gallery has-nested-images columns-default is-cropped wp-block-gallery-1 is-layout-flex wp-block-gallery-is-layout-flex\">\n<figure class=\"wp-block-image size-large\"><img loading=\"lazy\" decoding=\"async\" width=\"2560\" height=\"1702\" data-id=\"10319\" src=\"https:\/\/heimatverein-wulfen.de\/wp01\/wp-content\/uploads\/2023\/07\/Heimatverein-Wulfen-Kiepenkerlverabschiedung-Juli2023-FotoBludau-A-scaled.jpg\" alt=\"\" class=\"wp-image-10319\" srcset=\"https:\/\/heimatverein-wulfen.de\/wp01\/wp-content\/uploads\/2023\/07\/Heimatverein-Wulfen-Kiepenkerlverabschiedung-Juli2023-FotoBludau-A-scaled.jpg 2560w, https:\/\/heimatverein-wulfen.de\/wp01\/wp-content\/uploads\/2023\/07\/Heimatverein-Wulfen-Kiepenkerlverabschiedung-Juli2023-FotoBludau-A-300x200.jpg 300w, https:\/\/heimatverein-wulfen.de\/wp01\/wp-content\/uploads\/2023\/07\/Heimatverein-Wulfen-Kiepenkerlverabschiedung-Juli2023-FotoBludau-A-1024x681.jpg 1024w, https:\/\/heimatverein-wulfen.de\/wp01\/wp-content\/uploads\/2023\/07\/Heimatverein-Wulfen-Kiepenkerlverabschiedung-Juli2023-FotoBludau-A-768x511.jpg 768w, https:\/\/heimatverein-wulfen.de\/wp01\/wp-content\/uploads\/2023\/07\/Heimatverein-Wulfen-Kiepenkerlverabschiedung-Juli2023-FotoBludau-A-1536x1021.jpg 1536w, https:\/\/heimatverein-wulfen.de\/wp01\/wp-content\/uploads\/2023\/07\/Heimatverein-Wulfen-Kiepenkerlverabschiedung-Juli2023-FotoBludau-A-2048x1362.jpg 2048w, https:\/\/heimatverein-wulfen.de\/wp01\/wp-content\/uploads\/2023\/07\/Heimatverein-Wulfen-Kiepenkerlverabschiedung-Juli2023-FotoBludau-A-570x380.jpg 570w, https:\/\/heimatverein-wulfen.de\/wp01\/wp-content\/uploads\/2023\/07\/Heimatverein-Wulfen-Kiepenkerlverabschiedung-Juli2023-FotoBludau-A-380x254.jpg 380w, https:\/\/heimatverein-wulfen.de\/wp01\/wp-content\/uploads\/2023\/07\/Heimatverein-Wulfen-Kiepenkerlverabschiedung-Juli2023-FotoBludau-A-285x190.jpg 285w\" sizes=\"auto, (max-width: 2560px) 100vw, 2560px\" \/><\/figure>\n\n\n\n<figure class=\"wp-block-image size-large\"><img loading=\"lazy\" decoding=\"async\" width=\"2560\" height=\"1702\" data-id=\"10320\" src=\"https:\/\/heimatverein-wulfen.de\/wp01\/wp-content\/uploads\/2023\/07\/Heimatverein-Wulfen-Kiepenkerlverabschiedung-Juli2023-FotoBludau-B-scaled.jpg\" alt=\"\" class=\"wp-image-10320\" srcset=\"https:\/\/heimatverein-wulfen.de\/wp01\/wp-content\/uploads\/2023\/07\/Heimatverein-Wulfen-Kiepenkerlverabschiedung-Juli2023-FotoBludau-B-scaled.jpg 2560w, https:\/\/heimatverein-wulfen.de\/wp01\/wp-content\/uploads\/2023\/07\/Heimatverein-Wulfen-Kiepenkerlverabschiedung-Juli2023-FotoBludau-B-300x200.jpg 300w, https:\/\/heimatverein-wulfen.de\/wp01\/wp-content\/uploads\/2023\/07\/Heimatverein-Wulfen-Kiepenkerlverabschiedung-Juli2023-FotoBludau-B-1024x681.jpg 1024w, https:\/\/heimatverein-wulfen.de\/wp01\/wp-content\/uploads\/2023\/07\/Heimatverein-Wulfen-Kiepenkerlverabschiedung-Juli2023-FotoBludau-B-768x511.jpg 768w, https:\/\/heimatverein-wulfen.de\/wp01\/wp-content\/uploads\/2023\/07\/Heimatverein-Wulfen-Kiepenkerlverabschiedung-Juli2023-FotoBludau-B-1536x1021.jpg 1536w, https:\/\/heimatverein-wulfen.de\/wp01\/wp-content\/uploads\/2023\/07\/Heimatverein-Wulfen-Kiepenkerlverabschiedung-Juli2023-FotoBludau-B-2048x1362.jpg 2048w, https:\/\/heimatverein-wulfen.de\/wp01\/wp-content\/uploads\/2023\/07\/Heimatverein-Wulfen-Kiepenkerlverabschiedung-Juli2023-FotoBludau-B-570x380.jpg 570w, https:\/\/heimatverein-wulfen.de\/wp01\/wp-content\/uploads\/2023\/07\/Heimatverein-Wulfen-Kiepenkerlverabschiedung-Juli2023-FotoBludau-B-380x254.jpg 380w, https:\/\/heimatverein-wulfen.de\/wp01\/wp-content\/uploads\/2023\/07\/Heimatverein-Wulfen-Kiepenkerlverabschiedung-Juli2023-FotoBludau-B-285x190.jpg 285w\" sizes=\"auto, (max-width: 2560px) 100vw, 2560px\" \/><\/figure>\n<\/figure>\n","protected":false},"excerpt":{"rendered":"<p>Nach \u00fcber 20-j\u00e4hriger T\u00e4tigkeit als Wulfener Kiepenkerl geht Bernhard Heming in den Ruhestand. Nach dem Feldgottesdienst am vergangenen Sonntag wurde Bernhard Heming als langj\u00e4hriger Kiepenkerl vom 1. Vorsitzenden Johannes Kr\u00fcmpel,<\/p>\n<p><a href=\"https:\/\/heimatverein-wulfen.de\/wp01\/2023\/07\/18\/heimatverein-wulfen-verabschiedet-langjaehrigen-kiepenkerl-mit-grossem-dankeschoen-und-lobenden-worten\/\" class=\"more-link themebutton\">Read More<\/a><\/p>\n","protected":false},"author":5,"featured_media":10318,"comment_status":"open","ping_status":"open","sticky":false,"template":"","format":"standard","meta":{"_cbd_carousel_blocks":"[]","footnotes":""},"categories":[25,1],"tags":[],"class_list":["post-10317","post","type-post","status-publish","format-standard","has-post-thumbnail","hentry","category-aktuelles","category-allgemein"],"publishpress_future_action":{"enabled":false,"date":"2026-05-07 10:43:56","action":"change-status","newStatus":"draft","terms":[],"taxonomy":"category","extraData":[]},"publishpress_future_workflow_manual_trigger":{"enabledWorkflows":[]},"_links":{"self":[{"href":"https:\/\/heimatverein-wulfen.de\/wp01\/wp-json\/wp\/v2\/posts\/10317","targetHints":{"allow":["GET"]}}],"collection":[{"href":"https:\/\/heimatverein-wulfen.de\/wp01\/wp-json\/wp\/v2\/posts"}],"about":[{"href":"https:\/\/heimatverein-wulfen.de\/wp01\/wp-json\/wp\/v2\/types\/post"}],"author":[{"embeddable":true,"href":"https:\/\/heimatverein-wulfen.de\/wp01\/wp-json\/wp\/v2\/users\/5"}],"replies":[{"embeddable":true,"href":"https:\/\/heimatverein-wulfen.de\/wp01\/wp-json\/wp\/v2\/comments?post=10317"}],"version-history":[{"count":3,"href":"https:\/\/heimatverein-wulfen.de\/wp01\/wp-json\/wp\/v2\/posts\/10317\/revisions"}],"predecessor-version":[{"id":10331,"href":"https:\/\/heimatverein-wulfen.de\/wp01\/wp-json\/wp\/v2\/posts\/10317\/revisions\/10331"}],"wp:featuredmedia":[{"embeddable":true,"href":"https:\/\/heimatverein-wulfen.de\/wp01\/wp-json\/wp\/v2\/media\/10318"}],"wp:attachment":[{"href":"https:\/\/heimatverein-wulfen.de\/wp01\/wp-json\/wp\/v2\/media?parent=10317"}],"wp:term":[{"taxonomy":"category","embeddable":true,"href":"https:\/\/heimatverein-wulfen.de\/wp01\/wp-json\/wp\/v2\/categories?post=10317"},{"taxonomy":"post_tag","embeddable":true,"href":"https:\/\/heimatverein-wulfen.de\/wp01\/wp-json\/wp\/v2\/tags?post=10317"}],"curies":[{"name":"wp","href":"https:\/\/api.w.org\/{rel}","templated":true}]}}