{"id":10322,"date":"2023-07-18T10:27:09","date_gmt":"2023-07-18T08:27:09","guid":{"rendered":"https:\/\/heimatverein-wulfen.de\/wp01\/?p=10322"},"modified":"2023-07-18T10:31:35","modified_gmt":"2023-07-18T08:31:35","slug":"glaeubige-feierten-feldmesse-beim-wulfener-heimatverein-mit-anschliessendem-fruehschoppen","status":"publish","type":"post","link":"https:\/\/heimatverein-wulfen.de\/wp01\/2023\/07\/18\/glaeubige-feierten-feldmesse-beim-wulfener-heimatverein-mit-anschliessendem-fruehschoppen\/","title":{"rendered":"Gl\u00e4ubige feierten Feldmesse beim Wulfener Heimatverein mit anschlie\u00dfendem Fr\u00fchschoppen"},"content":{"rendered":"\n<p>Unter freiem Himmel wurde am Sonntagvormittag ein Feldgottesdienst der Kirchengemeinde St. Matth\u00e4us auf dem Gel\u00e4nde des Wulfener Heimatvereins gefeiert. Der gemeinsame und traditionelle Feldgottesdienst der Gemeinden Herz-Jesu (Deuten), St. Barbara (Wulfen-Barkenberg) und St. Matth\u00e4us<\/p>\n\n\n\n<p>(Wulfen) fand bei leicht windigem aber sehr angenehmem Sommerwetter statt.<\/p>\n\n\n\n<p>F\u00fcr viele G\u00e4ste haben diese Feldgottesdienste immer eine ganz besondere Atmosph\u00e4re, da die Gottesdienste im Sommer an verschiedenen Orten oft unter freiem Himmel stattfinden. Deshalb waren viele Wulfener froh, dass das Wetter mitspielte und so waren fast alle vorbereitenden Sitzpl\u00e4tze gef\u00fcllt.<\/p>\n\n\n\n<p>Einen besonderen Dank ging an den Heimatverein Wulfen, der als Gastgeber f\u00fcr eine sch\u00f6ne \u00d6rtlichkeit sorgte. Im Anschluss an die Feldmesse wurden durch die Mitglieder des Wulfener Heimatvereins noch ein kleiner Fr\u00fchschoppen mit Essen und Getr\u00e4nke ausgerichtet, so dass zahlreiche G\u00e4ste noch gem\u00fctlich f\u00fcr das eine oder andere gesellige Gespr\u00e4ch zusammenkamen. Zus\u00e4tzlich wurde vom Wulfener Sch\u00fctzenverein im Heimathaus Fotos vom letzten Sch\u00fctzenfest gezeigt.<\/p>\n\n\n\n<figure class=\"wp-block-gallery has-nested-images columns-default is-cropped wp-block-gallery-1 is-layout-flex wp-block-gallery-is-layout-flex\">\n<figure class=\"wp-block-image size-large\"><img loading=\"lazy\" decoding=\"async\" width=\"1024\" height=\"681\" data-id=\"10327\" src=\"https:\/\/heimatverein-wulfen.de\/wp01\/wp-content\/uploads\/2023\/07\/Feldmesse-Gottesdienst-Heimatverein-Wulfen-Gefeiert-16_07_2023-FotoBlduau-1-1024x681.jpg\" alt=\"\" class=\"wp-image-10327\" srcset=\"https:\/\/heimatverein-wulfen.de\/wp01\/wp-content\/uploads\/2023\/07\/Feldmesse-Gottesdienst-Heimatverein-Wulfen-Gefeiert-16_07_2023-FotoBlduau-1-1024x681.jpg 1024w, https:\/\/heimatverein-wulfen.de\/wp01\/wp-content\/uploads\/2023\/07\/Feldmesse-Gottesdienst-Heimatverein-Wulfen-Gefeiert-16_07_2023-FotoBlduau-1-300x200.jpg 300w, https:\/\/heimatverein-wulfen.de\/wp01\/wp-content\/uploads\/2023\/07\/Feldmesse-Gottesdienst-Heimatverein-Wulfen-Gefeiert-16_07_2023-FotoBlduau-1-768x511.jpg 768w, https:\/\/heimatverein-wulfen.de\/wp01\/wp-content\/uploads\/2023\/07\/Feldmesse-Gottesdienst-Heimatverein-Wulfen-Gefeiert-16_07_2023-FotoBlduau-1-1536x1021.jpg 1536w, https:\/\/heimatverein-wulfen.de\/wp01\/wp-content\/uploads\/2023\/07\/Feldmesse-Gottesdienst-Heimatverein-Wulfen-Gefeiert-16_07_2023-FotoBlduau-1-2048x1362.jpg 2048w, https:\/\/heimatverein-wulfen.de\/wp01\/wp-content\/uploads\/2023\/07\/Feldmesse-Gottesdienst-Heimatverein-Wulfen-Gefeiert-16_07_2023-FotoBlduau-1-570x380.jpg 570w, https:\/\/heimatverein-wulfen.de\/wp01\/wp-content\/uploads\/2023\/07\/Feldmesse-Gottesdienst-Heimatverein-Wulfen-Gefeiert-16_07_2023-FotoBlduau-1-380x254.jpg 380w, https:\/\/heimatverein-wulfen.de\/wp01\/wp-content\/uploads\/2023\/07\/Feldmesse-Gottesdienst-Heimatverein-Wulfen-Gefeiert-16_07_2023-FotoBlduau-1-285x190.jpg 285w\" sizes=\"auto, (max-width: 1024px) 100vw, 1024px\" \/><\/figure>\n\n\n\n<figure class=\"wp-block-image size-large\"><img loading=\"lazy\" decoding=\"async\" width=\"1024\" height=\"681\" data-id=\"10328\" src=\"https:\/\/heimatverein-wulfen.de\/wp01\/wp-content\/uploads\/2023\/07\/Feldmesse-Gottesdienst-Heimatverein-Wulfen-Gefeiert-16_07_2023-FotoBlduau-2-1024x681.jpg\" alt=\"\" class=\"wp-image-10328\" srcset=\"https:\/\/heimatverein-wulfen.de\/wp01\/wp-content\/uploads\/2023\/07\/Feldmesse-Gottesdienst-Heimatverein-Wulfen-Gefeiert-16_07_2023-FotoBlduau-2-1024x681.jpg 1024w, https:\/\/heimatverein-wulfen.de\/wp01\/wp-content\/uploads\/2023\/07\/Feldmesse-Gottesdienst-Heimatverein-Wulfen-Gefeiert-16_07_2023-FotoBlduau-2-300x200.jpg 300w, https:\/\/heimatverein-wulfen.de\/wp01\/wp-content\/uploads\/2023\/07\/Feldmesse-Gottesdienst-Heimatverein-Wulfen-Gefeiert-16_07_2023-FotoBlduau-2-768x511.jpg 768w, https:\/\/heimatverein-wulfen.de\/wp01\/wp-content\/uploads\/2023\/07\/Feldmesse-Gottesdienst-Heimatverein-Wulfen-Gefeiert-16_07_2023-FotoBlduau-2-1536x1021.jpg 1536w, https:\/\/heimatverein-wulfen.de\/wp01\/wp-content\/uploads\/2023\/07\/Feldmesse-Gottesdienst-Heimatverein-Wulfen-Gefeiert-16_07_2023-FotoBlduau-2-2048x1362.jpg 2048w, https:\/\/heimatverein-wulfen.de\/wp01\/wp-content\/uploads\/2023\/07\/Feldmesse-Gottesdienst-Heimatverein-Wulfen-Gefeiert-16_07_2023-FotoBlduau-2-570x380.jpg 570w, https:\/\/heimatverein-wulfen.de\/wp01\/wp-content\/uploads\/2023\/07\/Feldmesse-Gottesdienst-Heimatverein-Wulfen-Gefeiert-16_07_2023-FotoBlduau-2-380x254.jpg 380w, https:\/\/heimatverein-wulfen.de\/wp01\/wp-content\/uploads\/2023\/07\/Feldmesse-Gottesdienst-Heimatverein-Wulfen-Gefeiert-16_07_2023-FotoBlduau-2-285x190.jpg 285w\" sizes=\"auto, (max-width: 1024px) 100vw, 1024px\" \/><\/figure>\n\n\n\n<figure class=\"wp-block-image size-large\"><img loading=\"lazy\" decoding=\"async\" width=\"1024\" height=\"681\" data-id=\"10326\" src=\"https:\/\/heimatverein-wulfen.de\/wp01\/wp-content\/uploads\/2023\/07\/Feldmesse-Gottesdienst-Heimatverein-Wulfen-Gefeiert-16_07_2023-FotoBlduau-10-1024x681.jpg\" alt=\"\" class=\"wp-image-10326\" srcset=\"https:\/\/heimatverein-wulfen.de\/wp01\/wp-content\/uploads\/2023\/07\/Feldmesse-Gottesdienst-Heimatverein-Wulfen-Gefeiert-16_07_2023-FotoBlduau-10-1024x681.jpg 1024w, https:\/\/heimatverein-wulfen.de\/wp01\/wp-content\/uploads\/2023\/07\/Feldmesse-Gottesdienst-Heimatverein-Wulfen-Gefeiert-16_07_2023-FotoBlduau-10-300x200.jpg 300w, https:\/\/heimatverein-wulfen.de\/wp01\/wp-content\/uploads\/2023\/07\/Feldmesse-Gottesdienst-Heimatverein-Wulfen-Gefeiert-16_07_2023-FotoBlduau-10-768x511.jpg 768w, https:\/\/heimatverein-wulfen.de\/wp01\/wp-content\/uploads\/2023\/07\/Feldmesse-Gottesdienst-Heimatverein-Wulfen-Gefeiert-16_07_2023-FotoBlduau-10-1536x1021.jpg 1536w, https:\/\/heimatverein-wulfen.de\/wp01\/wp-content\/uploads\/2023\/07\/Feldmesse-Gottesdienst-Heimatverein-Wulfen-Gefeiert-16_07_2023-FotoBlduau-10-2048x1362.jpg 2048w, https:\/\/heimatverein-wulfen.de\/wp01\/wp-content\/uploads\/2023\/07\/Feldmesse-Gottesdienst-Heimatverein-Wulfen-Gefeiert-16_07_2023-FotoBlduau-10-570x380.jpg 570w, https:\/\/heimatverein-wulfen.de\/wp01\/wp-content\/uploads\/2023\/07\/Feldmesse-Gottesdienst-Heimatverein-Wulfen-Gefeiert-16_07_2023-FotoBlduau-10-380x254.jpg 380w, https:\/\/heimatverein-wulfen.de\/wp01\/wp-content\/uploads\/2023\/07\/Feldmesse-Gottesdienst-Heimatverein-Wulfen-Gefeiert-16_07_2023-FotoBlduau-10-285x190.jpg 285w\" sizes=\"auto, (max-width: 1024px) 100vw, 1024px\" \/><\/figure>\n\n\n\n<figure class=\"wp-block-image size-large\"><img loading=\"lazy\" decoding=\"async\" width=\"1024\" height=\"681\" data-id=\"10324\" src=\"https:\/\/heimatverein-wulfen.de\/wp01\/wp-content\/uploads\/2023\/07\/Feldmesse-Gottesdienst-Heimatverein-Wulfen-Gefeiert-16_07_2023-FotoBlduau-15-1024x681.jpg\" alt=\"\" class=\"wp-image-10324\" srcset=\"https:\/\/heimatverein-wulfen.de\/wp01\/wp-content\/uploads\/2023\/07\/Feldmesse-Gottesdienst-Heimatverein-Wulfen-Gefeiert-16_07_2023-FotoBlduau-15-1024x681.jpg 1024w, https:\/\/heimatverein-wulfen.de\/wp01\/wp-content\/uploads\/2023\/07\/Feldmesse-Gottesdienst-Heimatverein-Wulfen-Gefeiert-16_07_2023-FotoBlduau-15-300x200.jpg 300w, https:\/\/heimatverein-wulfen.de\/wp01\/wp-content\/uploads\/2023\/07\/Feldmesse-Gottesdienst-Heimatverein-Wulfen-Gefeiert-16_07_2023-FotoBlduau-15-768x511.jpg 768w, https:\/\/heimatverein-wulfen.de\/wp01\/wp-content\/uploads\/2023\/07\/Feldmesse-Gottesdienst-Heimatverein-Wulfen-Gefeiert-16_07_2023-FotoBlduau-15-1536x1021.jpg 1536w, https:\/\/heimatverein-wulfen.de\/wp01\/wp-content\/uploads\/2023\/07\/Feldmesse-Gottesdienst-Heimatverein-Wulfen-Gefeiert-16_07_2023-FotoBlduau-15-2048x1362.jpg 2048w, https:\/\/heimatverein-wulfen.de\/wp01\/wp-content\/uploads\/2023\/07\/Feldmesse-Gottesdienst-Heimatverein-Wulfen-Gefeiert-16_07_2023-FotoBlduau-15-570x380.jpg 570w, https:\/\/heimatverein-wulfen.de\/wp01\/wp-content\/uploads\/2023\/07\/Feldmesse-Gottesdienst-Heimatverein-Wulfen-Gefeiert-16_07_2023-FotoBlduau-15-380x254.jpg 380w, https:\/\/heimatverein-wulfen.de\/wp01\/wp-content\/uploads\/2023\/07\/Feldmesse-Gottesdienst-Heimatverein-Wulfen-Gefeiert-16_07_2023-FotoBlduau-15-285x190.jpg 285w\" sizes=\"auto, (max-width: 1024px) 100vw, 1024px\" \/><\/figure>\n\n\n\n<figure class=\"wp-block-image size-large\"><img loading=\"lazy\" decoding=\"async\" width=\"1024\" height=\"681\" data-id=\"10325\" src=\"https:\/\/heimatverein-wulfen.de\/wp01\/wp-content\/uploads\/2023\/07\/Feldmesse-Gottesdienst-Heimatverein-Wulfen-Gefeiert-16_07_2023-FotoBlduau-17-1024x681.jpg\" alt=\"\" class=\"wp-image-10325\" srcset=\"https:\/\/heimatverein-wulfen.de\/wp01\/wp-content\/uploads\/2023\/07\/Feldmesse-Gottesdienst-Heimatverein-Wulfen-Gefeiert-16_07_2023-FotoBlduau-17-1024x681.jpg 1024w, https:\/\/heimatverein-wulfen.de\/wp01\/wp-content\/uploads\/2023\/07\/Feldmesse-Gottesdienst-Heimatverein-Wulfen-Gefeiert-16_07_2023-FotoBlduau-17-300x200.jpg 300w, https:\/\/heimatverein-wulfen.de\/wp01\/wp-content\/uploads\/2023\/07\/Feldmesse-Gottesdienst-Heimatverein-Wulfen-Gefeiert-16_07_2023-FotoBlduau-17-768x511.jpg 768w, https:\/\/heimatverein-wulfen.de\/wp01\/wp-content\/uploads\/2023\/07\/Feldmesse-Gottesdienst-Heimatverein-Wulfen-Gefeiert-16_07_2023-FotoBlduau-17-1536x1021.jpg 1536w, https:\/\/heimatverein-wulfen.de\/wp01\/wp-content\/uploads\/2023\/07\/Feldmesse-Gottesdienst-Heimatverein-Wulfen-Gefeiert-16_07_2023-FotoBlduau-17-2048x1362.jpg 2048w, https:\/\/heimatverein-wulfen.de\/wp01\/wp-content\/uploads\/2023\/07\/Feldmesse-Gottesdienst-Heimatverein-Wulfen-Gefeiert-16_07_2023-FotoBlduau-17-570x380.jpg 570w, https:\/\/heimatverein-wulfen.de\/wp01\/wp-content\/uploads\/2023\/07\/Feldmesse-Gottesdienst-Heimatverein-Wulfen-Gefeiert-16_07_2023-FotoBlduau-17-380x254.jpg 380w, https:\/\/heimatverein-wulfen.de\/wp01\/wp-content\/uploads\/2023\/07\/Feldmesse-Gottesdienst-Heimatverein-Wulfen-Gefeiert-16_07_2023-FotoBlduau-17-285x190.jpg 285w\" sizes=\"auto, (max-width: 1024px) 100vw, 1024px\" \/><\/figure>\n\n\n\n<figure class=\"wp-block-image size-large\"><img loading=\"lazy\" decoding=\"async\" width=\"1024\" height=\"681\" data-id=\"10323\" src=\"https:\/\/heimatverein-wulfen.de\/wp01\/wp-content\/uploads\/2023\/07\/Feldmesse-Gottesdienst-Heimatverein-Wulfen-Gefeiert-16_07_2023-FotoBlduau-23-1024x681.jpg\" alt=\"\" class=\"wp-image-10323\" srcset=\"https:\/\/heimatverein-wulfen.de\/wp01\/wp-content\/uploads\/2023\/07\/Feldmesse-Gottesdienst-Heimatverein-Wulfen-Gefeiert-16_07_2023-FotoBlduau-23-1024x681.jpg 1024w, https:\/\/heimatverein-wulfen.de\/wp01\/wp-content\/uploads\/2023\/07\/Feldmesse-Gottesdienst-Heimatverein-Wulfen-Gefeiert-16_07_2023-FotoBlduau-23-300x200.jpg 300w, https:\/\/heimatverein-wulfen.de\/wp01\/wp-content\/uploads\/2023\/07\/Feldmesse-Gottesdienst-Heimatverein-Wulfen-Gefeiert-16_07_2023-FotoBlduau-23-768x511.jpg 768w, https:\/\/heimatverein-wulfen.de\/wp01\/wp-content\/uploads\/2023\/07\/Feldmesse-Gottesdienst-Heimatverein-Wulfen-Gefeiert-16_07_2023-FotoBlduau-23-1536x1021.jpg 1536w, https:\/\/heimatverein-wulfen.de\/wp01\/wp-content\/uploads\/2023\/07\/Feldmesse-Gottesdienst-Heimatverein-Wulfen-Gefeiert-16_07_2023-FotoBlduau-23-2048x1362.jpg 2048w, https:\/\/heimatverein-wulfen.de\/wp01\/wp-content\/uploads\/2023\/07\/Feldmesse-Gottesdienst-Heimatverein-Wulfen-Gefeiert-16_07_2023-FotoBlduau-23-570x380.jpg 570w, https:\/\/heimatverein-wulfen.de\/wp01\/wp-content\/uploads\/2023\/07\/Feldmesse-Gottesdienst-Heimatverein-Wulfen-Gefeiert-16_07_2023-FotoBlduau-23-380x254.jpg 380w, https:\/\/heimatverein-wulfen.de\/wp01\/wp-content\/uploads\/2023\/07\/Feldmesse-Gottesdienst-Heimatverein-Wulfen-Gefeiert-16_07_2023-FotoBlduau-23-285x190.jpg 285w\" sizes=\"auto, (max-width: 1024px) 100vw, 1024px\" \/><\/figure>\n<\/figure>\n","protected":false},"excerpt":{"rendered":"<p>Unter freiem Himmel wurde am Sonntagvormittag ein Feldgottesdienst der Kirchengemeinde St. Matth\u00e4us auf dem Gel\u00e4nde des Wulfener Heimatvereins gefeiert. Der gemeinsame und traditionelle Feldgottesdienst der Gemeinden Herz-Jesu (Deuten), St. Barbara<\/p>\n<p><a href=\"https:\/\/heimatverein-wulfen.de\/wp01\/2023\/07\/18\/glaeubige-feierten-feldmesse-beim-wulfener-heimatverein-mit-anschliessendem-fruehschoppen\/\" class=\"more-link themebutton\">Read More<\/a><\/p>\n","protected":false},"author":5,"featured_media":0,"comment_status":"open","ping_status":"open","sticky":false,"template":"","format":"standard","meta":{"_cbd_carousel_blocks":"[]","footnotes":""},"categories":[25],"tags":[],"class_list":["post-10322","post","type-post","status-publish","format-standard","hentry","category-aktuelles"],"publishpress_future_action":{"enabled":false,"date":"2026-05-09 13:13:15","action":"change-status","newStatus":"draft","terms":[],"taxonomy":"category","extraData":[]},"publishpress_future_workflow_manual_trigger":{"enabledWorkflows":[]},"_links":{"self":[{"href":"https:\/\/heimatverein-wulfen.de\/wp01\/wp-json\/wp\/v2\/posts\/10322","targetHints":{"allow":["GET"]}}],"collection":[{"href":"https:\/\/heimatverein-wulfen.de\/wp01\/wp-json\/wp\/v2\/posts"}],"about":[{"href":"https:\/\/heimatverein-wulfen.de\/wp01\/wp-json\/wp\/v2\/types\/post"}],"author":[{"embeddable":true,"href":"https:\/\/heimatverein-wulfen.de\/wp01\/wp-json\/wp\/v2\/users\/5"}],"replies":[{"embeddable":true,"href":"https:\/\/heimatverein-wulfen.de\/wp01\/wp-json\/wp\/v2\/comments?post=10322"}],"version-history":[{"count":2,"href":"https:\/\/heimatverein-wulfen.de\/wp01\/wp-json\/wp\/v2\/posts\/10322\/revisions"}],"predecessor-version":[{"id":10332,"href":"https:\/\/heimatverein-wulfen.de\/wp01\/wp-json\/wp\/v2\/posts\/10322\/revisions\/10332"}],"wp:attachment":[{"href":"https:\/\/heimatverein-wulfen.de\/wp01\/wp-json\/wp\/v2\/media?parent=10322"}],"wp:term":[{"taxonomy":"category","embeddable":true,"href":"https:\/\/heimatverein-wulfen.de\/wp01\/wp-json\/wp\/v2\/categories?post=10322"},{"taxonomy":"post_tag","embeddable":true,"href":"https:\/\/heimatverein-wulfen.de\/wp01\/wp-json\/wp\/v2\/tags?post=10322"}],"curies":[{"name":"wp","href":"https:\/\/api.w.org\/{rel}","templated":true}]}}