{"id":10363,"date":"2023-09-26T18:18:28","date_gmt":"2023-09-26T16:18:28","guid":{"rendered":"https:\/\/heimatverein-wulfen.de\/wp01\/?p=10363"},"modified":"2023-09-26T18:18:28","modified_gmt":"2023-09-26T16:18:28","slug":"zeitzeugen-nachmittag","status":"publish","type":"post","link":"https:\/\/heimatverein-wulfen.de\/wp01\/2023\/09\/26\/zeitzeugen-nachmittag\/","title":{"rendered":"Zeitzeugen-Nachmittag"},"content":{"rendered":"\n<p><strong>Samstag, 14. Oktober 2023, 15 \u2013 ca. 17.30 Uhr<\/strong><br>im Heimathaus Wulfen, Rh\u00f6nweg 11, 46286 Dorsten-Wulfen<\/p>\n\n\n\n<p class=\"has-text-align-center has-vivid-red-color has-text-color has-medium-font-size\"><strong>Die Hervester Stra\u00dfe<\/strong><\/p>\n\n\n\n<p class=\"has-text-align-center\" style=\"text-decoration:underline\">Eine &#8217;neue Mitte&#8216; entsteht in Wulfen durch den Neubau <br>der Stra\u00dfe nach Hervest und Buer ab 1916<\/p>\n\n\n\n<p>Die Geschichtsgruppe des Heimatvereins Wulfen f\u00fchrt mindestens einmal j\u00e4hrlich einen Geschichtsnachmittag durch. Hierbei werden auch immer Zeitzeugen zu Wort kommen, die zum aktuellen Thema interessante Beitr\u00e4ge leisten k\u00f6nnen.<\/p>\n\n\n\n<p>Bedingt durch die Corona-Pandemie waren in den letzten Jahren diese \u201eZeitzeugen-Nachmittage\u201c ausgefallen. Nun soll diese Form der lebendigen Geschichtsvermittlung wieder fortgesetzt werden.<\/p>\n\n\n\n<p>Einleitend wird Reinhard Schwingenheuer anhand zahlreicher alter Aufnahmen auf die verschiedenen Gesch\u00e4fte und das Leben an der Hervester Stra\u00dfe hinweisen.<\/p>\n\n\n\n<p>Belebendes und wichtiges Element dieser Geschichtsnachmittage ist aber auch, was die Besucher\/innen mit eigenen Erfahrungen beitragen k\u00f6nnen. Interessierte k\u00f6nnen gern auch Bildmaterial mitbringen.<\/p>\n\n\n\n<p>Der Zeitzeugen-Nachmittag will Erinnerungen wecken und damit die Geschichte lebendig halten.&nbsp;<\/p>\n\n\n\n<p>Die Teilnahme an der Veranstaltung ist kostenlos. Es wird Kaffee und Geb\u00e4ck angeboten. Eine Anmeldung ist nicht erforderlich.<\/p>\n\n\n\n<p class=\"has-vivid-red-color has-text-color\" style=\"text-decoration:underline\"><strong>Zum Inhalt:<\/strong><\/p>\n\n\n\n<p>Durch die zunehmende Besiedelung und auch neuen Aufgaben im Verkehrsbereich wurden bereits seit 1832 Stra\u00dfen rund um und in Wulfen neu gebaut. Als 1912 begonnen wurde die Hervester Stra\u00dfe zu erneuern \u2013 teilweise bekam sie dabei eine neue Wegef\u00fchrung &#8211; war dies auch eine Chance, die dichte Bebauung rund um die Kirche zu entlasten. Gerade Unternehmer sahen an der Hervester Stra\u00dfe eine Verbesserung sowohl ihrer Pr\u00e4sentation als auch ihrer Lagerm\u00f6glichkeiten.<\/p>\n\n\n\n<p>Der Klempner und Kupferschmied Josef L\u00fclf baute das erste Haus an der neuen Hervester Stra\u00dfe und verlie\u00df damit seinen bisherigen Standort an deer Kirche. Bis in die 1980er Jahre war sein Unternehmen ein fester Bestandteil der Unternehmen an dieser wichtigen Verbindungsstra\u00dfe.<\/p>\n\n\n\n<p>Auch der Fris\u00f6r-Salon Buddenbrock vergr\u00f6\u00dferte sich in einem neuen Haus an der Hervester Stra\u00dfe.<\/p>\n\n\n\n<p>Diese und andere Beispiele werden am Zeitzeugen-Nachmittag zur Sprache kommen. Auch die Entwicklung von einem Drogeriemarkt und Lebensmittelmarkt Pelz an der Stra\u00dfe ist spannend zu erfahren. &#8218;Berti&#8216; Pelz kann dazu viele Geschichten beitragen.<\/p>\n\n\n\n<p>Weitere Zeitzeugen wie Fritz und Ulla Holtrichter sowie Heinrich Stolbrink werden zu Wort kommen.<\/p>\n\n\n\n<p>Der Heimatverein kann durch sein Archiv noch viele Themen aufgreifen und hofft auf zahlreiche Interessierte.<\/p>\n\n\n\n<p>R\u00fcckfragen zum Zeitzeugen-Nachmittag geben alle Mitglieder der Geschichtsgruppe.<\/p>\n\n\n\n<p>Eine Veranstaltung der Geschichtsgruppe des Heimatverein Wulfen e.V.<br><a href=\"http:\/\/www.heimatverein-wulfen.de\/\">www.heimatverein-wulfen.de<\/a><\/p>\n\n\n\n<p>Verantwortlich f\u00fcr den Inhalt:<br>Max Sch\u00fcrmann (Sprecher der Geschichtsgruppe) Tel. 02369 \u2013 23731 &#8211; <a href=\"mailto:maxschuermann@freenet.de\">maxschuermann@freenet.de<\/a><\/p>\n\n\n\n<figure class=\"wp-block-image size-large\"><img loading=\"lazy\" decoding=\"async\" width=\"724\" height=\"1024\" src=\"https:\/\/heimatverein-wulfen.de\/wp01\/wp-content\/uploads\/2023\/09\/ZeitzeugenNachmittag-724x1024.jpg\" alt=\"\" class=\"wp-image-10364\" srcset=\"https:\/\/heimatverein-wulfen.de\/wp01\/wp-content\/uploads\/2023\/09\/ZeitzeugenNachmittag-724x1024.jpg 724w, https:\/\/heimatverein-wulfen.de\/wp01\/wp-content\/uploads\/2023\/09\/ZeitzeugenNachmittag-212x300.jpg 212w, https:\/\/heimatverein-wulfen.de\/wp01\/wp-content\/uploads\/2023\/09\/ZeitzeugenNachmittag-768x1086.jpg 768w, https:\/\/heimatverein-wulfen.de\/wp01\/wp-content\/uploads\/2023\/09\/ZeitzeugenNachmittag-1087x1536.jpg 1087w, https:\/\/heimatverein-wulfen.de\/wp01\/wp-content\/uploads\/2023\/09\/ZeitzeugenNachmittag.jpg 1267w\" sizes=\"auto, (max-width: 724px) 100vw, 724px\" \/><\/figure>\n","protected":false},"excerpt":{"rendered":"<p>Eine &#8217;neue Mitte&#8216; entsteht in Wulfen durch den Neubau<br \/>\nder Stra\u00dfe nach Hervest und Buer ab 1916<\/p>\n","protected":false},"author":5,"featured_media":10366,"comment_status":"open","ping_status":"open","sticky":false,"template":"","format":"standard","meta":{"_cbd_carousel_blocks":"[]","footnotes":""},"categories":[25,15,32],"tags":[],"class_list":["post-10363","post","type-post","status-publish","format-standard","has-post-thumbnail","hentry","category-aktuelles","category-aktuelles-aus-der-geschichtsgruppe","category-wulfen"],"publishpress_future_action":{"enabled":false,"date":"2026-05-07 10:59:13","action":"change-status","newStatus":"draft","terms":[],"taxonomy":"category","extraData":[]},"publishpress_future_workflow_manual_trigger":{"enabledWorkflows":[]},"_links":{"self":[{"href":"https:\/\/heimatverein-wulfen.de\/wp01\/wp-json\/wp\/v2\/posts\/10363","targetHints":{"allow":["GET"]}}],"collection":[{"href":"https:\/\/heimatverein-wulfen.de\/wp01\/wp-json\/wp\/v2\/posts"}],"about":[{"href":"https:\/\/heimatverein-wulfen.de\/wp01\/wp-json\/wp\/v2\/types\/post"}],"author":[{"embeddable":true,"href":"https:\/\/heimatverein-wulfen.de\/wp01\/wp-json\/wp\/v2\/users\/5"}],"replies":[{"embeddable":true,"href":"https:\/\/heimatverein-wulfen.de\/wp01\/wp-json\/wp\/v2\/comments?post=10363"}],"version-history":[{"count":3,"href":"https:\/\/heimatverein-wulfen.de\/wp01\/wp-json\/wp\/v2\/posts\/10363\/revisions"}],"predecessor-version":[{"id":10368,"href":"https:\/\/heimatverein-wulfen.de\/wp01\/wp-json\/wp\/v2\/posts\/10363\/revisions\/10368"}],"wp:featuredmedia":[{"embeddable":true,"href":"https:\/\/heimatverein-wulfen.de\/wp01\/wp-json\/wp\/v2\/media\/10366"}],"wp:attachment":[{"href":"https:\/\/heimatverein-wulfen.de\/wp01\/wp-json\/wp\/v2\/media?parent=10363"}],"wp:term":[{"taxonomy":"category","embeddable":true,"href":"https:\/\/heimatverein-wulfen.de\/wp01\/wp-json\/wp\/v2\/categories?post=10363"},{"taxonomy":"post_tag","embeddable":true,"href":"https:\/\/heimatverein-wulfen.de\/wp01\/wp-json\/wp\/v2\/tags?post=10363"}],"curies":[{"name":"wp","href":"https:\/\/api.w.org\/{rel}","templated":true}]}}