{"id":1534,"date":"2014-09-08T13:53:49","date_gmt":"2014-09-08T11:53:49","guid":{"rendered":"http:\/\/192.168.2.231\/wp01\/?p=1534"},"modified":"2016-05-30T13:54:59","modified_gmt":"2016-05-30T11:54:59","slug":"koplecks-im-klinsch-premiere-fuer-das-neue-stueck-der-heimatbuehne-wulfen-begeisterte","status":"publish","type":"post","link":"https:\/\/heimatverein-wulfen.de\/wp01\/2014\/09\/08\/koplecks-im-klinsch-premiere-fuer-das-neue-stueck-der-heimatbuehne-wulfen-begeisterte\/","title":{"rendered":"Koplecks im Klinsch &#8211; Premiere f\u00fcr das neue St\u00fcck der Heimatb\u00fchne Wulfen begeisterte"},"content":{"rendered":"<p>Quelle: Dorstender Zeitung, 08.09.2014<\/p>\n<p><a href=\"https:\/\/heimatverein-wulfen.de\/wp01\/wp-content\/uploads\/2016\/05\/2014_09_08_RN_001.jpg\" rel=\"lightbox[1534]\"><img loading=\"lazy\" decoding=\"async\" class=\"aligncenter size-full wp-image-1535\" src=\"https:\/\/heimatverein-wulfen.de\/wp01\/wp-content\/uploads\/2016\/05\/2014_09_08_RN_001.jpg\" alt=\"2014_09_08_RN_001\" width=\"521\" height=\"751\" srcset=\"https:\/\/heimatverein-wulfen.de\/wp01\/wp-content\/uploads\/2016\/05\/2014_09_08_RN_001.jpg 521w, https:\/\/heimatverein-wulfen.de\/wp01\/wp-content\/uploads\/2016\/05\/2014_09_08_RN_001-208x300.jpg 208w\" sizes=\"auto, (max-width: 521px) 100vw, 521px\" \/><\/a> <a href=\"https:\/\/heimatverein-wulfen.de\/wp01\/wp-content\/uploads\/2016\/05\/2014_09_08_RN_002.jpg\" rel=\"lightbox[1534]\"><img loading=\"lazy\" decoding=\"async\" class=\"aligncenter size-full wp-image-1536\" src=\"https:\/\/heimatverein-wulfen.de\/wp01\/wp-content\/uploads\/2016\/05\/2014_09_08_RN_002.jpg\" alt=\"2014_09_08_RN_002\" width=\"521\" height=\"316\" srcset=\"https:\/\/heimatverein-wulfen.de\/wp01\/wp-content\/uploads\/2016\/05\/2014_09_08_RN_002.jpg 521w, https:\/\/heimatverein-wulfen.de\/wp01\/wp-content\/uploads\/2016\/05\/2014_09_08_RN_002-300x182.jpg 300w\" sizes=\"auto, (max-width: 521px) 100vw, 521px\" \/><\/a><\/p>\n","protected":false},"excerpt":{"rendered":"<p>Quelle: Dorstender Zeitung, 08.09.2014<\/p>\n","protected":false},"author":4,"featured_media":0,"comment_status":"open","ping_status":"open","sticky":false,"template":"","format":"standard","meta":{"_cbd_carousel_blocks":"[]","footnotes":""},"categories":[27],"tags":[],"class_list":["post-1534","post","type-post","status-publish","format-standard","hentry","category-presse"],"publishpress_future_action":{"enabled":false,"date":"2026-05-05 15:54:30","action":"change-status","newStatus":"draft","terms":[],"taxonomy":"category","extraData":[]},"publishpress_future_workflow_manual_trigger":{"enabledWorkflows":[]},"_links":{"self":[{"href":"https:\/\/heimatverein-wulfen.de\/wp01\/wp-json\/wp\/v2\/posts\/1534","targetHints":{"allow":["GET"]}}],"collection":[{"href":"https:\/\/heimatverein-wulfen.de\/wp01\/wp-json\/wp\/v2\/posts"}],"about":[{"href":"https:\/\/heimatverein-wulfen.de\/wp01\/wp-json\/wp\/v2\/types\/post"}],"author":[{"embeddable":true,"href":"https:\/\/heimatverein-wulfen.de\/wp01\/wp-json\/wp\/v2\/users\/4"}],"replies":[{"embeddable":true,"href":"https:\/\/heimatverein-wulfen.de\/wp01\/wp-json\/wp\/v2\/comments?post=1534"}],"version-history":[{"count":1,"href":"https:\/\/heimatverein-wulfen.de\/wp01\/wp-json\/wp\/v2\/posts\/1534\/revisions"}],"predecessor-version":[{"id":1537,"href":"https:\/\/heimatverein-wulfen.de\/wp01\/wp-json\/wp\/v2\/posts\/1534\/revisions\/1537"}],"wp:attachment":[{"href":"https:\/\/heimatverein-wulfen.de\/wp01\/wp-json\/wp\/v2\/media?parent=1534"}],"wp:term":[{"taxonomy":"category","embeddable":true,"href":"https:\/\/heimatverein-wulfen.de\/wp01\/wp-json\/wp\/v2\/categories?post=1534"},{"taxonomy":"post_tag","embeddable":true,"href":"https:\/\/heimatverein-wulfen.de\/wp01\/wp-json\/wp\/v2\/tags?post=1534"}],"curies":[{"name":"wp","href":"https:\/\/api.w.org\/{rel}","templated":true}]}}