{"id":1586,"date":"2013-06-01T11:48:21","date_gmt":"2013-06-01T09:48:21","guid":{"rendered":"https:\/\/heimatverein-wulfen.de\/wp01\/?p=1586"},"modified":"2016-05-31T11:49:30","modified_gmt":"2016-05-31T09:49:30","slug":"poeggsken-met-de-groene-buecks-heimatverein-mitglieder-sprechen-mit-den-wittenbrink-grundschuelern-platt","status":"publish","type":"post","link":"https:\/\/heimatverein-wulfen.de\/wp01\/2013\/06\/01\/poeggsken-met-de-groene-buecks-heimatverein-mitglieder-sprechen-mit-den-wittenbrink-grundschuelern-platt\/","title":{"rendered":"P\u00f6ggsken met de gr\u00f6ne B\u00fccks &#8211; Heimatverein-Mitglieder sprechen mit den Wittenbrink-Grundsch\u00fclern Platt"},"content":{"rendered":"<p>Quelle: Dorstener Zeitung, 01.06.2013<\/p>\n<p><a href=\"https:\/\/heimatverein-wulfen.de\/wp01\/wp-content\/uploads\/2016\/05\/2013_06_01_001_RN.jpg\" rel=\"lightbox[1586]\"><img loading=\"lazy\" decoding=\"async\" class=\"aligncenter size-full wp-image-1587\" src=\"https:\/\/heimatverein-wulfen.de\/wp01\/wp-content\/uploads\/2016\/05\/2013_06_01_001_RN.jpg\" alt=\"2013_06_01_001_RN\" width=\"516\" height=\"704\" srcset=\"https:\/\/heimatverein-wulfen.de\/wp01\/wp-content\/uploads\/2016\/05\/2013_06_01_001_RN.jpg 516w, https:\/\/heimatverein-wulfen.de\/wp01\/wp-content\/uploads\/2016\/05\/2013_06_01_001_RN-220x300.jpg 220w\" sizes=\"auto, (max-width: 516px) 100vw, 516px\" \/><\/a><\/p>\n","protected":false},"excerpt":{"rendered":"<p>Quelle: Dorstener Zeitung, 01.06.2013<\/p>\n","protected":false},"author":4,"featured_media":0,"comment_status":"open","ping_status":"open","sticky":false,"template":"","format":"standard","meta":{"_cbd_carousel_blocks":"[]","footnotes":""},"categories":[27],"tags":[],"class_list":["post-1586","post","type-post","status-publish","format-standard","hentry","category-presse"],"publishpress_future_action":{"enabled":false,"date":"2026-05-05 21:26:40","action":"change-status","newStatus":"draft","terms":[],"taxonomy":"category","extraData":[]},"publishpress_future_workflow_manual_trigger":{"enabledWorkflows":[]},"_links":{"self":[{"href":"https:\/\/heimatverein-wulfen.de\/wp01\/wp-json\/wp\/v2\/posts\/1586","targetHints":{"allow":["GET"]}}],"collection":[{"href":"https:\/\/heimatverein-wulfen.de\/wp01\/wp-json\/wp\/v2\/posts"}],"about":[{"href":"https:\/\/heimatverein-wulfen.de\/wp01\/wp-json\/wp\/v2\/types\/post"}],"author":[{"embeddable":true,"href":"https:\/\/heimatverein-wulfen.de\/wp01\/wp-json\/wp\/v2\/users\/4"}],"replies":[{"embeddable":true,"href":"https:\/\/heimatverein-wulfen.de\/wp01\/wp-json\/wp\/v2\/comments?post=1586"}],"version-history":[{"count":1,"href":"https:\/\/heimatverein-wulfen.de\/wp01\/wp-json\/wp\/v2\/posts\/1586\/revisions"}],"predecessor-version":[{"id":1588,"href":"https:\/\/heimatverein-wulfen.de\/wp01\/wp-json\/wp\/v2\/posts\/1586\/revisions\/1588"}],"wp:attachment":[{"href":"https:\/\/heimatverein-wulfen.de\/wp01\/wp-json\/wp\/v2\/media?parent=1586"}],"wp:term":[{"taxonomy":"category","embeddable":true,"href":"https:\/\/heimatverein-wulfen.de\/wp01\/wp-json\/wp\/v2\/categories?post=1586"},{"taxonomy":"post_tag","embeddable":true,"href":"https:\/\/heimatverein-wulfen.de\/wp01\/wp-json\/wp\/v2\/tags?post=1586"}],"curies":[{"name":"wp","href":"https:\/\/api.w.org\/{rel}","templated":true}]}}