{"id":3342,"date":"2017-03-23T16:00:58","date_gmt":"2017-03-23T15:00:58","guid":{"rendered":"https:\/\/heimatverein-wulfen.de\/wp01\/?p=3342"},"modified":"2017-03-23T17:00:47","modified_gmt":"2017-03-23T16:00:47","slug":"dorstener-besentage-2017","status":"publish","type":"post","link":"https:\/\/heimatverein-wulfen.de\/wp01\/2017\/03\/23\/dorstener-besentage-2017\/","title":{"rendered":"Dorstener Besentage 2017"},"content":{"rendered":"<h3><a href=\"https:\/\/heimatverein-wulfen.de\/wp01\/wp-content\/uploads\/2017\/03\/Besentage_2017_006.jpg\" rel=\"lightbox[3342]\"><img loading=\"lazy\" decoding=\"async\" class=\"wp-image-3685 size-medium alignleft\" src=\"https:\/\/heimatverein-wulfen.de\/wp01\/wp-content\/uploads\/2017\/03\/Besentage_2017_006-300x225.jpg\" alt=\"\" width=\"300\" height=\"225\" srcset=\"https:\/\/heimatverein-wulfen.de\/wp01\/wp-content\/uploads\/2017\/03\/Besentage_2017_006-300x225.jpg 300w, https:\/\/heimatverein-wulfen.de\/wp01\/wp-content\/uploads\/2017\/03\/Besentage_2017_006-480x360.jpg 480w, https:\/\/heimatverein-wulfen.de\/wp01\/wp-content\/uploads\/2017\/03\/Besentage_2017_006-320x240.jpg 320w, https:\/\/heimatverein-wulfen.de\/wp01\/wp-content\/uploads\/2017\/03\/Besentage_2017_006-240x180.jpg 240w, https:\/\/heimatverein-wulfen.de\/wp01\/wp-content\/uploads\/2017\/03\/Besentage_2017_006.jpg 700w\" sizes=\"auto, (max-width: 300px) 100vw, 300px\" \/><\/a>Heimatverein Wulfen greift zu den Besen<\/h3>\n<p><strong>Wulfen.<\/strong> Der Wulfener Heimatverein beteiligte sich auch in diesem Jahr mit einer gro\u00dfen Gruppe an den Dorstener Besentagen. Die Mitglieder des Heimatvereins trafen sich am Donnerstag dem 23. M\u00e4rz am alten Friedshofskreuz, Im Wauert \/ Ecke Zur Potmere.<\/p>\n<p>Ausgesuchte Stra\u00dfenbereiche in Alt-Wulfen wurden vom Unrat befreit. Gereinigt wurde der Park &#8222;Im Wauert&#8220;, der Gro\u00dfe Ring (zwischen Wittenbrink und Frankenstra\u00dfe), der Rh\u00f6nweg und das W\u00e4ldchen hinter dem Heimathaus. Am j\u00fcdischen Friedhof wurden einige B\u00e4ume und Str\u00e4ucher vom Totholz befreit.<br \/>\nFotos: Guido Bludau<\/p>\n<div id=\"attachment_3680\" style=\"width: 310px\" class=\"wp-caption alignleft\"><a href=\"https:\/\/heimatverein-wulfen.de\/wp01\/wp-content\/uploads\/2017\/03\/Besentage_2017_001.jpg\" rel=\"lightbox[3342]\"><img loading=\"lazy\" decoding=\"async\" aria-describedby=\"caption-attachment-3680\" class=\"wp-image-3680 size-medium\" src=\"https:\/\/heimatverein-wulfen.de\/wp01\/wp-content\/uploads\/2017\/03\/Besentage_2017_001-300x199.jpg\" alt=\"\" width=\"300\" height=\"199\" srcset=\"https:\/\/heimatverein-wulfen.de\/wp01\/wp-content\/uploads\/2017\/03\/Besentage_2017_001-300x199.jpg 300w, https:\/\/heimatverein-wulfen.de\/wp01\/wp-content\/uploads\/2017\/03\/Besentage_2017_001-480x320.jpg 480w, https:\/\/heimatverein-wulfen.de\/wp01\/wp-content\/uploads\/2017\/03\/Besentage_2017_001-320x213.jpg 320w, https:\/\/heimatverein-wulfen.de\/wp01\/wp-content\/uploads\/2017\/03\/Besentage_2017_001-240x160.jpg 240w, https:\/\/heimatverein-wulfen.de\/wp01\/wp-content\/uploads\/2017\/03\/Besentage_2017_001.jpg 700w\" sizes=\"auto, (max-width: 300px) 100vw, 300px\" \/><\/a><p id=\"caption-attachment-3680\" class=\"wp-caption-text\">Dorstener Besentage 2017<\/p><\/div>\n<div id=\"attachment_3681\" style=\"width: 310px\" class=\"wp-caption alignleft\"><a href=\"https:\/\/heimatverein-wulfen.de\/wp01\/wp-content\/uploads\/2017\/03\/Besentage_2017_002.jpg\" rel=\"lightbox[3342]\"><img loading=\"lazy\" decoding=\"async\" aria-describedby=\"caption-attachment-3681\" class=\"wp-image-3681 size-medium\" src=\"https:\/\/heimatverein-wulfen.de\/wp01\/wp-content\/uploads\/2017\/03\/Besentage_2017_002-300x199.jpg\" alt=\"\" width=\"300\" height=\"199\" srcset=\"https:\/\/heimatverein-wulfen.de\/wp01\/wp-content\/uploads\/2017\/03\/Besentage_2017_002-300x199.jpg 300w, https:\/\/heimatverein-wulfen.de\/wp01\/wp-content\/uploads\/2017\/03\/Besentage_2017_002-480x320.jpg 480w, https:\/\/heimatverein-wulfen.de\/wp01\/wp-content\/uploads\/2017\/03\/Besentage_2017_002-320x213.jpg 320w, https:\/\/heimatverein-wulfen.de\/wp01\/wp-content\/uploads\/2017\/03\/Besentage_2017_002-240x160.jpg 240w, https:\/\/heimatverein-wulfen.de\/wp01\/wp-content\/uploads\/2017\/03\/Besentage_2017_002.jpg 700w\" sizes=\"auto, (max-width: 300px) 100vw, 300px\" \/><\/a><p id=\"caption-attachment-3681\" class=\"wp-caption-text\">Dorstener Besentage 2017<\/p><\/div>\n<div id=\"attachment_3682\" style=\"width: 310px\" class=\"wp-caption alignleft\"><a href=\"https:\/\/heimatverein-wulfen.de\/wp01\/wp-content\/uploads\/2017\/03\/Besentage_2017_003.jpg\" rel=\"lightbox[3342]\"><img loading=\"lazy\" decoding=\"async\" aria-describedby=\"caption-attachment-3682\" class=\"wp-image-3682 size-medium\" src=\"https:\/\/heimatverein-wulfen.de\/wp01\/wp-content\/uploads\/2017\/03\/Besentage_2017_003-300x199.jpg\" alt=\"\" width=\"300\" height=\"199\" srcset=\"https:\/\/heimatverein-wulfen.de\/wp01\/wp-content\/uploads\/2017\/03\/Besentage_2017_003-300x199.jpg 300w, https:\/\/heimatverein-wulfen.de\/wp01\/wp-content\/uploads\/2017\/03\/Besentage_2017_003-480x320.jpg 480w, https:\/\/heimatverein-wulfen.de\/wp01\/wp-content\/uploads\/2017\/03\/Besentage_2017_003-320x213.jpg 320w, https:\/\/heimatverein-wulfen.de\/wp01\/wp-content\/uploads\/2017\/03\/Besentage_2017_003-240x160.jpg 240w, https:\/\/heimatverein-wulfen.de\/wp01\/wp-content\/uploads\/2017\/03\/Besentage_2017_003.jpg 700w\" sizes=\"auto, (max-width: 300px) 100vw, 300px\" \/><\/a><p id=\"caption-attachment-3682\" class=\"wp-caption-text\">Dorstener Besentage 2017<\/p><\/div>\n<div id=\"attachment_3683\" style=\"width: 310px\" class=\"wp-caption alignleft\"><a href=\"https:\/\/heimatverein-wulfen.de\/wp01\/wp-content\/uploads\/2017\/03\/Besentage_2017_004.jpg\" rel=\"lightbox[3342]\"><img loading=\"lazy\" decoding=\"async\" aria-describedby=\"caption-attachment-3683\" class=\"wp-image-3683 size-medium\" src=\"https:\/\/heimatverein-wulfen.de\/wp01\/wp-content\/uploads\/2017\/03\/Besentage_2017_004-300x199.jpg\" alt=\"\" width=\"300\" height=\"199\" srcset=\"https:\/\/heimatverein-wulfen.de\/wp01\/wp-content\/uploads\/2017\/03\/Besentage_2017_004-300x199.jpg 300w, https:\/\/heimatverein-wulfen.de\/wp01\/wp-content\/uploads\/2017\/03\/Besentage_2017_004-480x320.jpg 480w, https:\/\/heimatverein-wulfen.de\/wp01\/wp-content\/uploads\/2017\/03\/Besentage_2017_004-320x213.jpg 320w, https:\/\/heimatverein-wulfen.de\/wp01\/wp-content\/uploads\/2017\/03\/Besentage_2017_004-240x160.jpg 240w, https:\/\/heimatverein-wulfen.de\/wp01\/wp-content\/uploads\/2017\/03\/Besentage_2017_004.jpg 700w\" sizes=\"auto, (max-width: 300px) 100vw, 300px\" \/><\/a><p id=\"caption-attachment-3683\" class=\"wp-caption-text\">Dorstener Besentage 2017<\/p><\/div>\n<div id=\"attachment_3684\" style=\"width: 310px\" class=\"wp-caption alignleft\"><a href=\"https:\/\/heimatverein-wulfen.de\/wp01\/wp-content\/uploads\/2017\/03\/Besentage_2017_005.jpg\" rel=\"lightbox[3342]\"><img loading=\"lazy\" decoding=\"async\" aria-describedby=\"caption-attachment-3684\" class=\"wp-image-3684 size-medium\" src=\"https:\/\/heimatverein-wulfen.de\/wp01\/wp-content\/uploads\/2017\/03\/Besentage_2017_005-300x199.jpg\" alt=\"\" width=\"300\" height=\"199\" srcset=\"https:\/\/heimatverein-wulfen.de\/wp01\/wp-content\/uploads\/2017\/03\/Besentage_2017_005-300x199.jpg 300w, https:\/\/heimatverein-wulfen.de\/wp01\/wp-content\/uploads\/2017\/03\/Besentage_2017_005-480x320.jpg 480w, https:\/\/heimatverein-wulfen.de\/wp01\/wp-content\/uploads\/2017\/03\/Besentage_2017_005-320x213.jpg 320w, https:\/\/heimatverein-wulfen.de\/wp01\/wp-content\/uploads\/2017\/03\/Besentage_2017_005-240x160.jpg 240w, https:\/\/heimatverein-wulfen.de\/wp01\/wp-content\/uploads\/2017\/03\/Besentage_2017_005.jpg 700w\" sizes=\"auto, (max-width: 300px) 100vw, 300px\" \/><\/a><p id=\"caption-attachment-3684\" class=\"wp-caption-text\">Dorstener Besentage 2017<\/p><\/div>\n","protected":false},"excerpt":{"rendered":"<p>Heimatverein Wulfen greift zu den Besen Wulfen. Der Wulfener Heimatverein beteiligte sich auch in diesem Jahr mit einer gro\u00dfen Gruppe an den Dorstener Besentagen. Die Mitglieder des Heimatvereins trafen sich<\/p>\n<p><a href=\"https:\/\/heimatverein-wulfen.de\/wp01\/2017\/03\/23\/dorstener-besentage-2017\/\" class=\"more-link themebutton\">Read More<\/a><\/p>\n","protected":false},"author":6,"featured_media":0,"comment_status":"open","ping_status":"open","sticky":false,"template":"","format":"standard","meta":{"_cbd_carousel_blocks":"[]","footnotes":""},"categories":[25],"tags":[],"class_list":["post-3342","post","type-post","status-publish","format-standard","hentry","category-aktuelles"],"publishpress_future_action":{"enabled":false,"date":"2026-05-05 23:00:44","action":"change-status","newStatus":"draft","terms":[],"taxonomy":"category","extraData":[]},"publishpress_future_workflow_manual_trigger":{"enabledWorkflows":[]},"_links":{"self":[{"href":"https:\/\/heimatverein-wulfen.de\/wp01\/wp-json\/wp\/v2\/posts\/3342","targetHints":{"allow":["GET"]}}],"collection":[{"href":"https:\/\/heimatverein-wulfen.de\/wp01\/wp-json\/wp\/v2\/posts"}],"about":[{"href":"https:\/\/heimatverein-wulfen.de\/wp01\/wp-json\/wp\/v2\/types\/post"}],"author":[{"embeddable":true,"href":"https:\/\/heimatverein-wulfen.de\/wp01\/wp-json\/wp\/v2\/users\/6"}],"replies":[{"embeddable":true,"href":"https:\/\/heimatverein-wulfen.de\/wp01\/wp-json\/wp\/v2\/comments?post=3342"}],"version-history":[{"count":22,"href":"https:\/\/heimatverein-wulfen.de\/wp01\/wp-json\/wp\/v2\/posts\/3342\/revisions"}],"predecessor-version":[{"id":3698,"href":"https:\/\/heimatverein-wulfen.de\/wp01\/wp-json\/wp\/v2\/posts\/3342\/revisions\/3698"}],"wp:attachment":[{"href":"https:\/\/heimatverein-wulfen.de\/wp01\/wp-json\/wp\/v2\/media?parent=3342"}],"wp:term":[{"taxonomy":"category","embeddable":true,"href":"https:\/\/heimatverein-wulfen.de\/wp01\/wp-json\/wp\/v2\/categories?post=3342"},{"taxonomy":"post_tag","embeddable":true,"href":"https:\/\/heimatverein-wulfen.de\/wp01\/wp-json\/wp\/v2\/tags?post=3342"}],"curies":[{"name":"wp","href":"https:\/\/api.w.org\/{rel}","templated":true}]}}