{"id":3357,"date":"2017-03-06T16:14:48","date_gmt":"2017-03-06T15:14:48","guid":{"rendered":"https:\/\/heimatverein-wulfen.de\/wp01\/?p=3357"},"modified":"2019-08-15T08:47:02","modified_gmt":"2019-08-15T06:47:02","slug":"aktuelles-aus-der-geschichtsgruppe","status":"publish","type":"post","link":"https:\/\/heimatverein-wulfen.de\/wp01\/2017\/03\/06\/aktuelles-aus-der-geschichtsgruppe\/","title":{"rendered":"Aktuelles aus der Geschichtsgruppe"},"content":{"rendered":"<h3>Schwerpunktm\u00e4\u00dfige Arbeit der Geschichtsgruppe waren bzw. sind folgende Projekte:<\/h3>\n<p>&#8211; Am 19. Mai 2019 veranstalteten die Afrikafreunde Wulfen e.V. einen \u201eAfrikatag\u201c auf dem Gel\u00e4nde des Heimatvereins. Die Geschichtsgruppe beteiligte sich an dieser Veranstaltung mit einer Pr\u00e4sentation \u00fcber die deutsche Kolonisationszeit in Namibia, von 1884 bis 1918 genannt: \u201eDeutsch-S\u00fcdwestafrika\u201c.<\/p>\n<p>&#8211; Ausstellung &#8222;Augustin Wibbelt.Spuren in Wulfen (*1862&nbsp; \u20201947)&#8220;.<br \/>\nAnla\u00df: 13. Wulfener Flachsmarkt am 16. September 2018<\/p>\n<p>&#8211; Januar bis April 2017 Vorbereitung und Durchf\u00fchrung eines Sch\u00fclerwettbewerbs<br \/>\n&#8222;Die Hochzeit meiner Gro\u00dfeltern\u201c<\/p>\n<p>&#8211; Ausstellung &#8222;Theodor Hansen (*1882&nbsp; \u20201962) Wulfener Dorffotograf&#8220;.<br \/>\nAnla\u00df: 12. Wulfener Flachsmarkt am 18. September 2016<\/p>\n<p>&#8211; Januar bis April 2016 Vorbereitung und Durchf\u00fchrung eines Sch\u00fclerwettbewerbs<br \/>\n&#8222;Kennst Du Wulfen III?\u201c<\/p>\n<p>&#8211; Ausstellung &#8222;Flachs und Leinen in Grimms M\u00e4rchen&#8220;. Diese Ausstellung wurde von der Flachsgruppe, der Seilerei und der Geschichtsgruppe gemeinsam vorbereitet.<br \/>\nMit freundlicher Unterst\u00fctzung durch das Spielzeugmuseum Rhede der Eheleute Gutersohn.<br \/>\nAnla\u00df: 11. Wulfener Flachsmarkt am 21. September 2014<\/p>\n<p>&#8211; Januar bis April 2013 Vorbereitung und Durchf\u00fchrung eines Sch\u00fclerwettbewerbs<br \/>\n&#8222;Kennst Du Wulfen II?\u201c<\/p>\n<p>&#8211; Ausstellung &#8222;Glanzbilder und alte Poesiealben&#8220;. Glanzbilder und alte Poesiealben aus Wulfener Familien. Mit freundlicher Unterst\u00fctzung durch das Spielzeugmuseum Rhede der Eheleute Gutersohn.<br \/>\nAnla\u00df: 10. Wulfener Flachsmarkt am 16. September 2012<\/p>\n<p>&#8211; Aus Anla\u00df der Einweihung des Heimathauses, am Sonntag dem 15. Mai 2011, wurden zehn Geschichtstafeln \u201eDie Geschichte Wulfens\u201c erstellt und im Treppenhaus des Heimathauses angebracht.<br \/>\nReinhard Schwingenheuer (Text)<br \/>\nWolfgang Breiding (Gestaltung)<\/p>\n<p>&#8211; Januar bis April 2011 Vorbereitung und Durchf\u00fchrung eines Sch\u00fclerwettbewerbs<br \/>\n&#8222;Omas und Opas erster motorisierter Untersatz\u201c<\/p>\n<p>&#8211; Ausstellung &#8222;Altes Spielzeug&#8220;, Exponate und alte Fotoaufnahmen alten Spielzeugs aus Wulfener Familien (TSZ Royal Wulfen).<br \/>\nAnla\u00df: 9. Wulfener Flachsmarkt am 19. September 2010<\/p>\n<p>&#8211; Am 11. Juli 2010 besuchten Mitglieder der Geschichtsgruppe, nebst Anhang, das Spielzeugmuseum in Coesfeld und anschlie\u00dfend das Heimathaus in Lette.<\/p>\n<p>&#8211; 22. Mai bis 30. Mai 2010 Beteiligung am<br \/>\n&#8222;Projekt SchachtZeichen der Kulturhauptstadt RUHR.2010&#8220;,<br \/>\nin der Zeit vom 22. Mai bis 24. Mai 2010 verbunden mit der Dokumentationsausstellung &#8222;Bergbau in Wulfen &#8211; Nach 50 Jahren zur\u00fcck zur Natur&#8220;.<\/p>\n<p>&#8211; Januar bis April 2010 Vorbereitung und Durchf\u00fchrung eines Sch\u00fclerwettbewerbs<br \/>\n&#8222;Kennst Du Wulfen?\u201c<\/p>\n<p>&#8211; Am 09.07.2009 besuchten Mitglieder der Geschichtsgruppe und weitere Mitglieder des Heimatvereins die Ausstellung \u201eIMPERIUM\u201c des Landwirtschaftsverbandes Westfalen-Lippe LWL in Haltern.<br \/>\nIn der Zeit vom 16. Mai bis 11. Oktober 2009 zeigt das LWL-R\u00f6mermuseum diese Ausstellung in der Seestadthalle und pr\u00e4sentiert dort das R\u00f6mische Reich auf dem H\u00f6hepunkt seiner Macht. Spitzenwerke aus internationalen Museen illustrieren Kunst, Kultur und Propaganda zur Zeit des Kaisers Augustus. Wie wurde Rom vom Dorf auf sieben H\u00fcgeln zur Weltmacht? Wie funktionierte dieses riesige Imperium? Als roter Faden durchzieht der Lebensweg des Publius Quinctilius Varus, des namensgebenden Verlierers der Schlacht, die Ausstellung. Gezeigt werden einzigartige Exponate von Weltgeltung.<\/p>\n<p>&#8211; Januar bis April 2009 Vorbereitung und Durchf\u00fchrung eines Sch\u00fclerwettbewerbs<br \/>\n&#8222;Altes Zeugnis\u201c<\/p>\n<p>&#8211; Erstellen und Herausgabe einer DVD \u201eBergbau in Wulfen \u2013 Nach 50 Jahren zur\u00fcck zur Natur\u201c. Eine DVD mit den auf den vorgenannten Ausstellungen gezeigten Fotos, Dokumenten und Exponaten ist zum Wulfener Weihnachtsmarkt 2008 erschienen.<\/p>\n<p>&#8211; Ausstellung &#8222;Bergbau in Wulfen &#8211; Nach 50 Jahren zur\u00fcck zur Natur&#8220;, Fotos, Dokumente und Exponate aus Wulfens Bergbauvergangenheit, 21.09. und 27.09. &#8211; 05.10.2008 in Wulfen (TSZ Royal Wulfen und Am Brautrum), 25. und 26.10.2008 &#8222;Doit&#8220;-Dorstener Immobilien-Tage, Zeche F\u00fcrst Leopold<\/p>\n<p>&#8211; Erstellen und Herausgabe eines Wandkalenders \u201eKalender 2008 &#8211; Wulfener Traditionsfahnen\u201c<\/p>\n<p>&#8211; Erstellen von Entw\u00fcrfen f\u00fcr die neu angeschaffte Vereinsfahne<\/p>\n<p>&#8211; Erstellen und Herausgabe einer DVD \u201eWULFEN Jahre der Kriegslast und der Ver\u00e4nderungen; Chronik 1938 &#8211; 1975&#8243;<\/p>\n<p>&#8211; Erstellen und Herausgabe des Buches \u201eWULFEN Geschichte und Gegenwart\u201c und einer CD-ROM mit einer editierbaren PDF-Version des Buches<\/p>\n<p>&#8211; Anbringen einer bronzenen Gedenktafel an der St. Matth\u00e4uskirche zur 60. Wiederkehr der Bombardierung Wulfens am 22. M\u00e4rz 1945<\/p>\n<p>&#8211; Dokumentation und \u00f6ffentliche Ausstellung zum 80. Jahrestag der Erbauung des Wulfener Ehrenmals<\/p>\n<p>&#8211; Aufbau eines Zeitungsarchivs Wulfen betreffend<\/p>\n<p>&#8211; Vorbereitung und Durchf\u00fchrung von Fotoausstellungen anl\u00e4sslich der Wulfener Flachsm\u00e4rkte: \u201eGewerbe in Wulfen\u201c , \u201eWohngeb\u00e4ude in Wulfen fr\u00fcher und heute\u201c und \u201eSchnatg\u00e4nge in Wulfen 1934-2001\u201c<\/p>\n<p>&#8211; Bearbeitung und Herausgabe der \u201eChronik der Herrlichkeit Lembeck bis 1880 (Brunn`sche Chronik)\u201c<\/p>\n","protected":false},"excerpt":{"rendered":"<p>Schwerpunktm\u00e4\u00dfige Arbeit der Geschichtsgruppe waren bzw. sind folgende Projekte: &#8211; Am 19. Mai 2019 veranstalteten die Afrikafreunde Wulfen e.V. einen \u201eAfrikatag\u201c auf dem Gel\u00e4nde des Heimatvereins. Die Geschichtsgruppe beteiligte sich<\/p>\n<p><a href=\"https:\/\/heimatverein-wulfen.de\/wp01\/2017\/03\/06\/aktuelles-aus-der-geschichtsgruppe\/\" class=\"more-link themebutton\">Read More<\/a><\/p>\n","protected":false},"author":6,"featured_media":0,"comment_status":"open","ping_status":"open","sticky":false,"template":"","format":"standard","meta":{"_cbd_carousel_blocks":"[]","footnotes":""},"categories":[15],"tags":[],"class_list":["post-3357","post","type-post","status-publish","format-standard","hentry","category-aktuelles-aus-der-geschichtsgruppe"],"publishpress_future_action":{"enabled":false,"date":"2026-05-07 12:56:39","action":"change-status","newStatus":"draft","terms":[],"taxonomy":"category","extraData":[]},"publishpress_future_workflow_manual_trigger":{"enabledWorkflows":[]},"_links":{"self":[{"href":"https:\/\/heimatverein-wulfen.de\/wp01\/wp-json\/wp\/v2\/posts\/3357","targetHints":{"allow":["GET"]}}],"collection":[{"href":"https:\/\/heimatverein-wulfen.de\/wp01\/wp-json\/wp\/v2\/posts"}],"about":[{"href":"https:\/\/heimatverein-wulfen.de\/wp01\/wp-json\/wp\/v2\/types\/post"}],"author":[{"embeddable":true,"href":"https:\/\/heimatverein-wulfen.de\/wp01\/wp-json\/wp\/v2\/users\/6"}],"replies":[{"embeddable":true,"href":"https:\/\/heimatverein-wulfen.de\/wp01\/wp-json\/wp\/v2\/comments?post=3357"}],"version-history":[{"count":8,"href":"https:\/\/heimatverein-wulfen.de\/wp01\/wp-json\/wp\/v2\/posts\/3357\/revisions"}],"predecessor-version":[{"id":8177,"href":"https:\/\/heimatverein-wulfen.de\/wp01\/wp-json\/wp\/v2\/posts\/3357\/revisions\/8177"}],"wp:attachment":[{"href":"https:\/\/heimatverein-wulfen.de\/wp01\/wp-json\/wp\/v2\/media?parent=3357"}],"wp:term":[{"taxonomy":"category","embeddable":true,"href":"https:\/\/heimatverein-wulfen.de\/wp01\/wp-json\/wp\/v2\/categories?post=3357"},{"taxonomy":"post_tag","embeddable":true,"href":"https:\/\/heimatverein-wulfen.de\/wp01\/wp-json\/wp\/v2\/tags?post=3357"}],"curies":[{"name":"wp","href":"https:\/\/api.w.org\/{rel}","templated":true}]}}