{"id":3397,"date":"2017-03-08T02:35:46","date_gmt":"2017-03-08T01:35:46","guid":{"rendered":"https:\/\/heimatverein-wulfen.de\/wp01\/?p=3397"},"modified":"2017-03-08T02:35:46","modified_gmt":"2017-03-08T01:35:46","slug":"schuelerwettbewerb-2016","status":"publish","type":"post","link":"https:\/\/heimatverein-wulfen.de\/wp01\/2017\/03\/08\/schuelerwettbewerb-2016\/","title":{"rendered":"Sch\u00fclerwettbewerb 2016"},"content":{"rendered":"<div id=\"attachment_3058\" style=\"width: 310px\" class=\"wp-caption alignleft\"><a href=\"https:\/\/heimatverein-wulfen.de\/wp01\/wp-content\/uploads\/2017\/03\/IMG_6259-e1488470060544.jpg\" rel=\"lightbox[3397]\"><img loading=\"lazy\" decoding=\"async\" aria-describedby=\"caption-attachment-3058\" class=\"wp-image-3058 size-medium\" src=\"https:\/\/heimatverein-wulfen.de\/wp01\/wp-content\/uploads\/2017\/03\/IMG_6259-300x200.jpg\" height=\"200\" width=\"300\"><\/a><p id=\"caption-attachment-3058\" class=\"wp-caption-text\">Auszeichnung der Preistr\u00e4ger Sch\u00fclerwettbewerb 2016, Foto: Christian Gruber<\/p><\/div>\n<h3>Kennst Du Wulfen?<\/h3>\n<p>Der Heimatverein Wulfen 1922 e.V. hatte zum wiederholten Male in den Wintermonaten Wulfener Kinder und Jugendliche im Alter bis zu 16 Jahren zur Teilnahme an einem Quiz<\/p>\n<p><strong>\u201eKennst Du Wulfen III?\u201c<\/strong><\/p>\n<p>aufgerufen. Teilnehmer dieses Wettbewerbes beantworten 23 Fragen, welche sich mit der Vergangenheit und Gegenwart Wulfens besch\u00e4ftigen. Die L\u00f6sungsunterlagen waren bis sp\u00e4testens Sonntag dem 03.04.2016 (Ende der Osterferien) dem Heimatverein einzusenden.<\/p>\n<p>Unter den Einsendern der richtig oder am meisten richtig beantworteten Fragen vergab der Heimatverein Wulfen folgende Preise:<\/p>\n<p>1. Phil Lutz, 8 Jahre, B\u00fcchergutschein (Wert von 60,- Euro),<br \/>\n1. Gereon Arentz, 15 Jahre, B\u00fcchergutschein (Wert von 40,- Euro),<br \/>\n2. Collin Gro\u00dfe-Ophoff, 10 Jahre, (Kanufahrt auf der Lippe),<br \/>\n2. Jonas Gro\u00dfe-Ophoff, 10 Jahre, (Kanufahrt auf der Lippe),<br \/>\n2. Luka Gro\u00dfe-Ophoff, 10 Jahre, (Kanufahrt auf der Lippe),<br \/>\n6. Laurenz Emanuel Grunewald, 8 Jahre, B\u00fcchergutschein,<br \/>\n7. Charlotte H\u00fcttermann, 6 Jahre, Gutschein Reitstunde,<br \/>\n8. Jule Borgmann, 11 Jahre, Gutschein Reitstunde,<br \/>\n8. Nele Potthast, 11 Jahre, Gutschein Reitstunde,<br \/>\n10. Felix Brockhaus, 6 Jahre, B\u00fcchergutschein,<br \/>\n11. Robin Badde, 7 Jahre, B\u00fcchergutschein,<br \/>\n12. Aron Badde, 9 Jahre, (Kanufahrt auf der Lippe) und<br \/>\n13. Sofia Thiel, 10 Jahre, B\u00fcchergutschein<\/p>\n<div id=\"attachment_3062\" style=\"width: 310px\" class=\"wp-caption alignleft\"><a href=\"https:\/\/heimatverein-wulfen.de\/wp01\/wp-content\/uploads\/2017\/03\/IMG_6254-e1488470134140.jpg\" rel=\"lightbox[3397]\"><img loading=\"lazy\" decoding=\"async\" aria-describedby=\"caption-attachment-3062\" class=\"wp-image-3062 size-medium\" src=\"https:\/\/heimatverein-wulfen.de\/wp01\/wp-content\/uploads\/2017\/03\/IMG_6254-300x200.jpg\" height=\"200\" width=\"300\"><\/a><p id=\"caption-attachment-3062\" class=\"wp-caption-text\">Auszeichnung der Preistr\u00e4ger Sch\u00fclerwettbewerb 2016, Foto: Christian Gruber<\/p><\/div>\n<div id=\"attachment_3060\" style=\"width: 310px\" class=\"wp-caption alignleft\"><a href=\"https:\/\/heimatverein-wulfen.de\/wp01\/wp-content\/uploads\/2017\/03\/IMG_6242-e1488470189112.jpg\" rel=\"lightbox[3397]\"><img loading=\"lazy\" decoding=\"async\" aria-describedby=\"caption-attachment-3060\" class=\"wp-image-3060 size-medium\" src=\"https:\/\/heimatverein-wulfen.de\/wp01\/wp-content\/uploads\/2017\/03\/IMG_6242-300x200.jpg\" height=\"200\" width=\"300\"><\/a><p id=\"caption-attachment-3060\" class=\"wp-caption-text\">Auszeichnung der Preistr\u00e4ger Sch\u00fclerwettbewerb 2016, Foto: Christian Gruber<\/p><\/div>\n<div id=\"attachment_3061\" style=\"width: 310px\" class=\"wp-caption alignleft\"><a href=\"https:\/\/heimatverein-wulfen.de\/wp01\/wp-content\/uploads\/2017\/03\/IMG_6249-e1488470167109.jpg\" rel=\"lightbox[3397]\"><img loading=\"lazy\" decoding=\"async\" aria-describedby=\"caption-attachment-3061\" class=\"wp-image-3061 size-medium\" src=\"https:\/\/heimatverein-wulfen.de\/wp01\/wp-content\/uploads\/2017\/03\/IMG_6249-300x200.jpg\" height=\"200\" width=\"300\"><\/a><p id=\"caption-attachment-3061\" class=\"wp-caption-text\">Auszeichnung der Preistr\u00e4ger Sch\u00fclerwettbewerb 2016, Foto: Christian Gruber<\/p><\/div>\n<div id=\"attachment_3059\" style=\"width: 310px\" class=\"wp-caption alignleft\"><a href=\"https:\/\/heimatverein-wulfen.de\/wp01\/wp-content\/uploads\/2017\/03\/IMG_6239-e1488470211742.jpg\" rel=\"lightbox[3397]\"><img loading=\"lazy\" decoding=\"async\" aria-describedby=\"caption-attachment-3059\" class=\"wp-image-3059 size-medium\" src=\"https:\/\/heimatverein-wulfen.de\/wp01\/wp-content\/uploads\/2017\/03\/IMG_6239-300x200.jpg\" height=\"200\" width=\"300\"><\/a><p id=\"caption-attachment-3059\" class=\"wp-caption-text\">Auszeichnung der Preistr\u00e4ger Sch\u00fclerwettbewerb 2016, Foto: Christian Gruber<\/p><\/div>\n","protected":false},"excerpt":{"rendered":"<p>Kennst Du Wulfen? Der Heimatverein Wulfen 1922 e.V. hatte zum wiederholten Male in den Wintermonaten Wulfener Kinder und Jugendliche im Alter bis zu 16 Jahren zur Teilnahme an einem Quiz<\/p>\n<p><a href=\"https:\/\/heimatverein-wulfen.de\/wp01\/2017\/03\/08\/schuelerwettbewerb-2016\/\" class=\"more-link themebutton\">Read More<\/a><\/p>\n","protected":false},"author":6,"featured_media":0,"comment_status":"open","ping_status":"open","sticky":false,"template":"","format":"standard","meta":{"_cbd_carousel_blocks":"[]","footnotes":""},"categories":[30],"tags":[],"class_list":["post-3397","post","type-post","status-publish","format-standard","hentry","category-junge-lueued"],"publishpress_future_action":{"enabled":false,"date":"2026-05-10 12:54:58","action":"change-status","newStatus":"draft","terms":[],"taxonomy":"category","extraData":[]},"publishpress_future_workflow_manual_trigger":{"enabledWorkflows":[]},"_links":{"self":[{"href":"https:\/\/heimatverein-wulfen.de\/wp01\/wp-json\/wp\/v2\/posts\/3397","targetHints":{"allow":["GET"]}}],"collection":[{"href":"https:\/\/heimatverein-wulfen.de\/wp01\/wp-json\/wp\/v2\/posts"}],"about":[{"href":"https:\/\/heimatverein-wulfen.de\/wp01\/wp-json\/wp\/v2\/types\/post"}],"author":[{"embeddable":true,"href":"https:\/\/heimatverein-wulfen.de\/wp01\/wp-json\/wp\/v2\/users\/6"}],"replies":[{"embeddable":true,"href":"https:\/\/heimatverein-wulfen.de\/wp01\/wp-json\/wp\/v2\/comments?post=3397"}],"version-history":[{"count":1,"href":"https:\/\/heimatverein-wulfen.de\/wp01\/wp-json\/wp\/v2\/posts\/3397\/revisions"}],"predecessor-version":[{"id":3398,"href":"https:\/\/heimatverein-wulfen.de\/wp01\/wp-json\/wp\/v2\/posts\/3397\/revisions\/3398"}],"wp:attachment":[{"href":"https:\/\/heimatverein-wulfen.de\/wp01\/wp-json\/wp\/v2\/media?parent=3397"}],"wp:term":[{"taxonomy":"category","embeddable":true,"href":"https:\/\/heimatverein-wulfen.de\/wp01\/wp-json\/wp\/v2\/categories?post=3397"},{"taxonomy":"post_tag","embeddable":true,"href":"https:\/\/heimatverein-wulfen.de\/wp01\/wp-json\/wp\/v2\/tags?post=3397"}],"curies":[{"name":"wp","href":"https:\/\/api.w.org\/{rel}","templated":true}]}}