{"id":3811,"date":"2017-04-03T14:22:32","date_gmt":"2017-04-03T12:22:32","guid":{"rendered":"https:\/\/heimatverein-wulfen.de\/wp01\/?p=3811"},"modified":"2017-11-30T00:50:12","modified_gmt":"2017-11-29T23:50:12","slug":"poertners-kruez","status":"publish","type":"post","link":"https:\/\/heimatverein-wulfen.de\/wp01\/2017\/04\/03\/poertners-kruez\/","title":{"rendered":"Bildstock Poertners Kruez_old"},"content":{"rendered":"<h3><a href=\"https:\/\/heimatverein-wulfen.de\/wp01\/wp-content\/uploads\/2017\/04\/Poertners_Kruez.jpg\" rel=\"lightbox[3811]\"><img loading=\"lazy\" decoding=\"async\" class=\"alignleft wp-image-3813 size-large\" src=\"https:\/\/heimatverein-wulfen.de\/wp01\/wp-content\/uploads\/2017\/04\/Poertners_Kruez-335x1024.jpg\" alt=\"\" width=\"335\" height=\"1024\"><\/a>Bildstock erz\u00e4hlt Geschichte selbst<br \/>\nNeuer Platz f\u00fcr Poertners Kruez<\/h3>\n<p>WULFEN. Mal war es von Menschen umringt, dann lag es einsam beim Friedhofsger\u00fcmpel und immer wieder geriet es in Vergessenheit, um immer wieder gefunden und aufgestellt zu werden. Poertners Kruez hat nun endlich wieder einen Platz in seiner Gemeinde, denn die Wulfener segneten den Bildstock in der Pfarrkirche St. Matth\u00e4us w\u00e4hrend des Gottesdienstes ein. Seine Geschichte erz\u00e4hlt das Kreuz selbst.<\/p>\n<p>\u201eIch will keine Predigt halten\u201c, begann Horst Hinzmann in der Kirche, \u201esondern vorlesen, was P\u00f6rtners Kruez in seiner Muttersprache zun vertellen hat\u201c.&nbsp; Zum ersten Mal wurde es 1830 aufgestellt und knapp hundert Jahre sp\u00e4ter schrieb Hauptlehrer Bartmann den Werdegang des Bildstocks aus der Sicht des Kreuzes. Im Mai 1993 fanden die Mitglieder des Heimatvereins Wulfen zu ihrer \u00dcberraschung eine verschlossene Glasflasche im Sockel des Bildstocks. Darin lagen die Schriften des Hauptlehrers und Geldscheine aus der Inflationszeit 1922\/23.<br \/>\nSo h\u00f6rte denn die Gemeinde Wulfen den Wunsch des Kreuzes, nicht wieder in Vergessenheit zu geraten und schon gar nicht im Ger\u00fcmpel. Dorthin kam es 1907, weil die \u201eRose\u201c-Brauerei das Kirchengrundst\u00fcck erwarb, auf dem es stand. Aufgestellt und wieder wegtransportiert, verweilte es die letzten Jahre im Bauhof. Nunn steht es an der Ecke des Pfarrhausgrundst\u00fccks Burgring 9, \u201ef\u00fcr immer\u201c, wie Hinzmann hofft.<br \/>\nAlle Helfer und Firmen, die von Mai bis jetzt den Umzug des Kreuzes unterst\u00fctzten, trafen sich nach dem Gottesdienst zu einem Umtrunk. Derweil stand Poertners Kruez ganz still in seiner Ecke und geno\u00df seinen Ruhe-Stand. niwi<\/p>\n<p>Quelle: WAZ, Lokalteil Dorsten 12. August 1998<\/p>\n","protected":false},"excerpt":{"rendered":"<p>Bildstock erz\u00e4hlt Geschichte selbst Neuer Platz f\u00fcr Poertners Kruez WULFEN. Mal war es von Menschen umringt, dann lag es einsam beim Friedhofsger\u00fcmpel und immer wieder geriet es in Vergessenheit, um<\/p>\n<p><a href=\"https:\/\/heimatverein-wulfen.de\/wp01\/2017\/04\/03\/poertners-kruez\/\" class=\"more-link themebutton\">Read More<\/a><\/p>\n","protected":false},"author":6,"featured_media":0,"comment_status":"open","ping_status":"open","sticky":false,"template":"","format":"standard","meta":{"_cbd_carousel_blocks":"[]","footnotes":""},"categories":[1],"tags":[],"class_list":["post-3811","post","type-post","status-publish","format-standard","hentry","category-allgemein"],"publishpress_future_action":{"enabled":false,"date":"2026-05-05 23:01:25","action":"change-status","newStatus":"draft","terms":[],"taxonomy":"category","extraData":[]},"publishpress_future_workflow_manual_trigger":{"enabledWorkflows":[]},"_links":{"self":[{"href":"https:\/\/heimatverein-wulfen.de\/wp01\/wp-json\/wp\/v2\/posts\/3811","targetHints":{"allow":["GET"]}}],"collection":[{"href":"https:\/\/heimatverein-wulfen.de\/wp01\/wp-json\/wp\/v2\/posts"}],"about":[{"href":"https:\/\/heimatverein-wulfen.de\/wp01\/wp-json\/wp\/v2\/types\/post"}],"author":[{"embeddable":true,"href":"https:\/\/heimatverein-wulfen.de\/wp01\/wp-json\/wp\/v2\/users\/6"}],"replies":[{"embeddable":true,"href":"https:\/\/heimatverein-wulfen.de\/wp01\/wp-json\/wp\/v2\/comments?post=3811"}],"version-history":[{"count":6,"href":"https:\/\/heimatverein-wulfen.de\/wp01\/wp-json\/wp\/v2\/posts\/3811\/revisions"}],"predecessor-version":[{"id":4227,"href":"https:\/\/heimatverein-wulfen.de\/wp01\/wp-json\/wp\/v2\/posts\/3811\/revisions\/4227"}],"wp:attachment":[{"href":"https:\/\/heimatverein-wulfen.de\/wp01\/wp-json\/wp\/v2\/media?parent=3811"}],"wp:term":[{"taxonomy":"category","embeddable":true,"href":"https:\/\/heimatverein-wulfen.de\/wp01\/wp-json\/wp\/v2\/categories?post=3811"},{"taxonomy":"post_tag","embeddable":true,"href":"https:\/\/heimatverein-wulfen.de\/wp01\/wp-json\/wp\/v2\/tags?post=3811"}],"curies":[{"name":"wp","href":"https:\/\/api.w.org\/{rel}","templated":true}]}}