{"id":3905,"date":"2017-06-29T19:06:13","date_gmt":"2017-06-29T17:06:13","guid":{"rendered":"https:\/\/heimatverein-wulfen.de\/wp01\/?p=3905"},"modified":"2017-06-29T19:16:51","modified_gmt":"2017-06-29T17:16:51","slug":"luca-hoevelmann-juengstes-mitglied-im-heimatverein-wulfen","status":"publish","type":"post","link":"https:\/\/heimatverein-wulfen.de\/wp01\/2017\/06\/29\/luca-hoevelmann-juengstes-mitglied-im-heimatverein-wulfen\/","title":{"rendered":"Luca H\u00f6velmann j\u00fcngstes Mitglied im Heimatverein Wulfen"},"content":{"rendered":"<h4><a href=\"https:\/\/heimatverein-wulfen.de\/wp01\/wp-content\/uploads\/2017\/06\/Luca_hoevelmann_002.jpg\" rel=\"lightbox[3905]\"><img loading=\"lazy\" decoding=\"async\" class=\"alignleft wp-image-3920 size-medium\" src=\"https:\/\/heimatverein-wulfen.de\/wp01\/wp-content\/uploads\/2017\/06\/Luca_hoevelmann_002-169x300.jpg\" alt=\"\" width=\"169\" height=\"300\" srcset=\"https:\/\/heimatverein-wulfen.de\/wp01\/wp-content\/uploads\/2017\/06\/Luca_hoevelmann_002-169x300.jpg 169w, https:\/\/heimatverein-wulfen.de\/wp01\/wp-content\/uploads\/2017\/06\/Luca_hoevelmann_002.jpg 394w\" sizes=\"auto, (max-width: 169px) 100vw, 169px\" \/><\/a> <a href=\"https:\/\/heimatverein-wulfen.de\/wp01\/wp-content\/uploads\/2017\/06\/Luca_hoevelmann_001.jpg\" rel=\"lightbox[3905]\"><img loading=\"lazy\" decoding=\"async\" class=\"alignleft wp-image-3919 size-medium\" src=\"https:\/\/heimatverein-wulfen.de\/wp01\/wp-content\/uploads\/2017\/06\/Luca_hoevelmann_001-215x300.jpg\" alt=\"\" width=\"215\" height=\"300\" srcset=\"https:\/\/heimatverein-wulfen.de\/wp01\/wp-content\/uploads\/2017\/06\/Luca_hoevelmann_001-215x300.jpg 215w, https:\/\/heimatverein-wulfen.de\/wp01\/wp-content\/uploads\/2017\/06\/Luca_hoevelmann_001.jpg 501w\" sizes=\"auto, (max-width: 215px) 100vw, 215px\" \/><\/a>Der Heimatverein Wulfen hat sein j\u00fcngstes Mitglied der Vereinsgeschichte aufgenommen.<\/h4>\n<p><span style=\"font-family: Default Sans Serif,Verdana,Arial,Helvetica,sans-serif; font-size: small;\">Luca H\u00f6velmann wurde am 15.03.2017 geboren. Seine Eltern sind Nadine und Karsten H\u00f6velmann.<br \/>\nDirekt nach seiner Geburt ist Luca, a<span style=\"font-family: Default Sans Serif,Verdana,Arial,Helvetica,sans-serif; font-size: small;\">uf Veranlassung seines Patenonkels <\/span>Ansgar H\u00f6velmann, dem Heimatverein Wulfen beigetreten.<br \/>\nLuca kann noch nicht singen, tanzen bzw. Seile drehen. Er schlie\u00dft sich der Gruppe Lekkerbeck an, nachdem Mitglieder dieser Gruppe zugesagt haben die Speisekarte der Gruppe um Milchsuppe und Haferschleim zu erg\u00e4nzen.<br \/>\n<\/span><\/p>\n","protected":false},"excerpt":{"rendered":"<p>Der Heimatverein Wulfen hat sein j\u00fcngstes Mitglied der Vereinsgeschichte aufgenommen. Luca H\u00f6velmann wurde am 15.03.2017 geboren. Seine Eltern sind Nadine und Karsten H\u00f6velmann. Direkt nach seiner Geburt ist Luca, auf<\/p>\n<p><a href=\"https:\/\/heimatverein-wulfen.de\/wp01\/2017\/06\/29\/luca-hoevelmann-juengstes-mitglied-im-heimatverein-wulfen\/\" class=\"more-link themebutton\">Read More<\/a><\/p>\n","protected":false},"author":6,"featured_media":0,"comment_status":"open","ping_status":"open","sticky":false,"template":"","format":"standard","meta":{"_cbd_carousel_blocks":"[]","footnotes":""},"categories":[25],"tags":[],"class_list":["post-3905","post","type-post","status-publish","format-standard","hentry","category-aktuelles"],"publishpress_future_action":{"enabled":false,"date":"2026-05-09 13:13:38","action":"change-status","newStatus":"draft","terms":[],"taxonomy":"category","extraData":[]},"publishpress_future_workflow_manual_trigger":{"enabledWorkflows":[]},"_links":{"self":[{"href":"https:\/\/heimatverein-wulfen.de\/wp01\/wp-json\/wp\/v2\/posts\/3905","targetHints":{"allow":["GET"]}}],"collection":[{"href":"https:\/\/heimatverein-wulfen.de\/wp01\/wp-json\/wp\/v2\/posts"}],"about":[{"href":"https:\/\/heimatverein-wulfen.de\/wp01\/wp-json\/wp\/v2\/types\/post"}],"author":[{"embeddable":true,"href":"https:\/\/heimatverein-wulfen.de\/wp01\/wp-json\/wp\/v2\/users\/6"}],"replies":[{"embeddable":true,"href":"https:\/\/heimatverein-wulfen.de\/wp01\/wp-json\/wp\/v2\/comments?post=3905"}],"version-history":[{"count":6,"href":"https:\/\/heimatverein-wulfen.de\/wp01\/wp-json\/wp\/v2\/posts\/3905\/revisions"}],"predecessor-version":[{"id":3921,"href":"https:\/\/heimatverein-wulfen.de\/wp01\/wp-json\/wp\/v2\/posts\/3905\/revisions\/3921"}],"wp:attachment":[{"href":"https:\/\/heimatverein-wulfen.de\/wp01\/wp-json\/wp\/v2\/media?parent=3905"}],"wp:term":[{"taxonomy":"category","embeddable":true,"href":"https:\/\/heimatverein-wulfen.de\/wp01\/wp-json\/wp\/v2\/categories?post=3905"},{"taxonomy":"post_tag","embeddable":true,"href":"https:\/\/heimatverein-wulfen.de\/wp01\/wp-json\/wp\/v2\/tags?post=3905"}],"curies":[{"name":"wp","href":"https:\/\/api.w.org\/{rel}","templated":true}]}}