{"id":3907,"date":"2017-06-29T00:25:57","date_gmt":"2017-06-28T22:25:57","guid":{"rendered":"https:\/\/heimatverein-wulfen.de\/wp01\/?p=3907"},"modified":"2017-06-29T00:28:38","modified_gmt":"2017-06-28T22:28:38","slug":"acht-mitglieder-bilden-throngemeinschaft-20172019","status":"publish","type":"post","link":"https:\/\/heimatverein-wulfen.de\/wp01\/2017\/06\/29\/acht-mitglieder-bilden-throngemeinschaft-20172019\/","title":{"rendered":"Acht Mitglieder bilden Throngemeinschaft 2017\/2019"},"content":{"rendered":"<div id=\"attachment_3909\" style=\"width: 410px\" class=\"wp-caption alignleft\"><a href=\"https:\/\/heimatverein-wulfen.de\/wp01\/wp-content\/uploads\/2017\/06\/Throngemeinschaft_2017_2019.jpg\" rel=\"lightbox[3907]\"><img loading=\"lazy\" decoding=\"async\" aria-describedby=\"caption-attachment-3909\" class=\"wp-image-3909\" src=\"https:\/\/heimatverein-wulfen.de\/wp01\/wp-content\/uploads\/2017\/06\/Throngemeinschaft_2017_2019.jpg\" alt=\"\" width=\"400\" height=\"266\" srcset=\"https:\/\/heimatverein-wulfen.de\/wp01\/wp-content\/uploads\/2017\/06\/Throngemeinschaft_2017_2019.jpg 700w, https:\/\/heimatverein-wulfen.de\/wp01\/wp-content\/uploads\/2017\/06\/Throngemeinschaft_2017_2019-300x199.jpg 300w, https:\/\/heimatverein-wulfen.de\/wp01\/wp-content\/uploads\/2017\/06\/Throngemeinschaft_2017_2019-480x320.jpg 480w, https:\/\/heimatverein-wulfen.de\/wp01\/wp-content\/uploads\/2017\/06\/Throngemeinschaft_2017_2019-320x213.jpg 320w, https:\/\/heimatverein-wulfen.de\/wp01\/wp-content\/uploads\/2017\/06\/Throngemeinschaft_2017_2019-240x160.jpg 240w\" sizes=\"auto, (max-width: 400px) 100vw, 400px\" \/><\/a><p id=\"caption-attachment-3909\" class=\"wp-caption-text\">von links: Edda Cieplak, Torben Beyhoff, Monika Hoinkis, Christian Hoinkis, K\u00f6nigin Pia Stein, K\u00f6nig Dominik Cieplak, Charlotte Pielsticker, Stephan Stein Foto: Guido Bludau<\/p><\/div>\n<p>Acht Mitglieder des Heimatvereins bilden die Throngemeinschaft 2017\/2019 des Allgemeinen B\u00fcrgersch\u00fctzenvereins Wulfen.<br \/>\nNeben K\u00f6nig Dominik Cieplak und K\u00f6nigin Pia Stein geh\u00f6ren weitere sechs Mitglieder zur Throngemeinschaft.<\/p>\n","protected":false},"excerpt":{"rendered":"<p>Acht Mitglieder des Heimatvereins bilden die Throngemeinschaft 2017\/2019 des Allgemeinen B\u00fcrgersch\u00fctzenvereins Wulfen. Neben K\u00f6nig Dominik Cieplak und K\u00f6nigin Pia Stein geh\u00f6ren weitere sechs Mitglieder zur Throngemeinschaft.<\/p>\n","protected":false},"author":6,"featured_media":0,"comment_status":"open","ping_status":"open","sticky":false,"template":"","format":"standard","meta":{"_cbd_carousel_blocks":"[]","footnotes":""},"categories":[25],"tags":[],"class_list":["post-3907","post","type-post","status-publish","format-standard","hentry","category-aktuelles"],"publishpress_future_action":{"enabled":false,"date":"2026-05-07 11:15:36","action":"change-status","newStatus":"draft","terms":[],"taxonomy":"category","extraData":[]},"publishpress_future_workflow_manual_trigger":{"enabledWorkflows":[]},"_links":{"self":[{"href":"https:\/\/heimatverein-wulfen.de\/wp01\/wp-json\/wp\/v2\/posts\/3907","targetHints":{"allow":["GET"]}}],"collection":[{"href":"https:\/\/heimatverein-wulfen.de\/wp01\/wp-json\/wp\/v2\/posts"}],"about":[{"href":"https:\/\/heimatverein-wulfen.de\/wp01\/wp-json\/wp\/v2\/types\/post"}],"author":[{"embeddable":true,"href":"https:\/\/heimatverein-wulfen.de\/wp01\/wp-json\/wp\/v2\/users\/6"}],"replies":[{"embeddable":true,"href":"https:\/\/heimatverein-wulfen.de\/wp01\/wp-json\/wp\/v2\/comments?post=3907"}],"version-history":[{"count":3,"href":"https:\/\/heimatverein-wulfen.de\/wp01\/wp-json\/wp\/v2\/posts\/3907\/revisions"}],"predecessor-version":[{"id":3911,"href":"https:\/\/heimatverein-wulfen.de\/wp01\/wp-json\/wp\/v2\/posts\/3907\/revisions\/3911"}],"wp:attachment":[{"href":"https:\/\/heimatverein-wulfen.de\/wp01\/wp-json\/wp\/v2\/media?parent=3907"}],"wp:term":[{"taxonomy":"category","embeddable":true,"href":"https:\/\/heimatverein-wulfen.de\/wp01\/wp-json\/wp\/v2\/categories?post=3907"},{"taxonomy":"post_tag","embeddable":true,"href":"https:\/\/heimatverein-wulfen.de\/wp01\/wp-json\/wp\/v2\/tags?post=3907"}],"curies":[{"name":"wp","href":"https:\/\/api.w.org\/{rel}","templated":true}]}}