{"id":3932,"date":"2017-07-10T14:35:54","date_gmt":"2017-07-10T12:35:54","guid":{"rendered":"https:\/\/heimatverein-wulfen.de\/wp01\/?p=3932"},"modified":"2017-07-10T14:38:53","modified_gmt":"2017-07-10T12:38:53","slug":"hans-rademacher-mitglied-im-heimatverein-mit-silberner-ehrennadel-der-stadt-dorsten-ausgezeichnet","status":"publish","type":"post","link":"https:\/\/heimatverein-wulfen.de\/wp01\/2017\/07\/10\/hans-rademacher-mitglied-im-heimatverein-mit-silberner-ehrennadel-der-stadt-dorsten-ausgezeichnet\/","title":{"rendered":"Hans Rademacher, Mitglied im Heimatverein, mit silberner Ehrennadel der Stadt Dorsten ausgezeichnet"},"content":{"rendered":"<p><a href=\"https:\/\/heimatverein-wulfen.de\/wp01\/wp-content\/uploads\/2017\/07\/Rademache_0001.jpg\" rel=\"lightbox[3932]\"><img loading=\"lazy\" decoding=\"async\" class=\"alignleft wp-image-3936\" src=\"https:\/\/heimatverein-wulfen.de\/wp01\/wp-content\/uploads\/2017\/07\/Rademache_0001.jpg\" alt=\"\" width=\"400\" height=\"266\" srcset=\"https:\/\/heimatverein-wulfen.de\/wp01\/wp-content\/uploads\/2017\/07\/Rademache_0001.jpg 700w, https:\/\/heimatverein-wulfen.de\/wp01\/wp-content\/uploads\/2017\/07\/Rademache_0001-300x199.jpg 300w, https:\/\/heimatverein-wulfen.de\/wp01\/wp-content\/uploads\/2017\/07\/Rademache_0001-480x320.jpg 480w, https:\/\/heimatverein-wulfen.de\/wp01\/wp-content\/uploads\/2017\/07\/Rademache_0001-320x213.jpg 320w, https:\/\/heimatverein-wulfen.de\/wp01\/wp-content\/uploads\/2017\/07\/Rademache_0001-240x160.jpg 240w\" sizes=\"auto, (max-width: 400px) 100vw, 400px\" \/><\/a>Hans Rademacher, Mitglied im Heimatverein, vollendete am Donnerstag dem 22. Juni 2017 sein 80. Lebensjahr. Hans R. war Leiter des Jugendheimes in Wulfen und Leiter von Ferienfreizeiten f\u00fcr Kinder.<br \/>\nDas viele Jahre von der Kirchengemeinde St. Matth\u00e4us Wulfen und anderen Einrichtungen genutzte \u201eHaus Holsten\u201c entstand ma\u00dfgeblich unter seiner Federf\u00fchrung.<br \/>\nZur Erinnerung an die Jahre vieler Ferienfreizeiten haben ihm ehemalige Mitglieder seiner Betreuerteams am Donnerstag, 06. Juli 2017 einen kleinen Empfang ausgerichtet. In Gegenwart seiner Ehefrau Margret und seiner Familie dankten die &#8222;ehemaligen Betreuer&#8220; ihm und seiner Frau f\u00fcr die Vorbereitung und Durchf\u00fchrung der Ferienfreizeiten und f\u00fcr das besondere jahrelange Engagement.<\/p>\n<p>W\u00e4hrend des Empfangs \u00fcberreichte B\u00fcrgermeister Tobias Stockhoff die silberne Ehrennadel der Stadt Dorsten.<br \/>\nFotos: Guido Bludau<\/p>\n<div id=\"attachment_3937\" style=\"width: 310px\" class=\"wp-caption alignleft\"><a href=\"https:\/\/heimatverein-wulfen.de\/wp01\/wp-content\/uploads\/2017\/07\/Rademache_0002.jpg\" rel=\"lightbox[3932]\"><img loading=\"lazy\" decoding=\"async\" aria-describedby=\"caption-attachment-3937\" class=\"wp-image-3937 size-medium\" src=\"https:\/\/heimatverein-wulfen.de\/wp01\/wp-content\/uploads\/2017\/07\/Rademache_0002-300x199.jpg\" alt=\"\" width=\"300\" height=\"199\" srcset=\"https:\/\/heimatverein-wulfen.de\/wp01\/wp-content\/uploads\/2017\/07\/Rademache_0002-300x199.jpg 300w, https:\/\/heimatverein-wulfen.de\/wp01\/wp-content\/uploads\/2017\/07\/Rademache_0002-480x320.jpg 480w, https:\/\/heimatverein-wulfen.de\/wp01\/wp-content\/uploads\/2017\/07\/Rademache_0002-320x213.jpg 320w, https:\/\/heimatverein-wulfen.de\/wp01\/wp-content\/uploads\/2017\/07\/Rademache_0002-240x160.jpg 240w, https:\/\/heimatverein-wulfen.de\/wp01\/wp-content\/uploads\/2017\/07\/Rademache_0002.jpg 700w\" sizes=\"auto, (max-width: 300px) 100vw, 300px\" \/><\/a><p id=\"caption-attachment-3937\" class=\"wp-caption-text\">B\u00fcrgermeister Tobias Stockhoff \u00fcberreicht die silberne Ehrennadel der Stadt Dorsten<\/p><\/div>\n<div id=\"attachment_3938\" style=\"width: 310px\" class=\"wp-caption alignleft\"><a href=\"https:\/\/heimatverein-wulfen.de\/wp01\/wp-content\/uploads\/2017\/07\/Rademache_0003.jpg\" rel=\"lightbox[3932]\"><img loading=\"lazy\" decoding=\"async\" aria-describedby=\"caption-attachment-3938\" class=\"wp-image-3938 size-medium\" src=\"https:\/\/heimatverein-wulfen.de\/wp01\/wp-content\/uploads\/2017\/07\/Rademache_0003-300x199.jpg\" alt=\"\" width=\"300\" height=\"199\" srcset=\"https:\/\/heimatverein-wulfen.de\/wp01\/wp-content\/uploads\/2017\/07\/Rademache_0003-300x199.jpg 300w, https:\/\/heimatverein-wulfen.de\/wp01\/wp-content\/uploads\/2017\/07\/Rademache_0003-480x320.jpg 480w, https:\/\/heimatverein-wulfen.de\/wp01\/wp-content\/uploads\/2017\/07\/Rademache_0003-320x213.jpg 320w, https:\/\/heimatverein-wulfen.de\/wp01\/wp-content\/uploads\/2017\/07\/Rademache_0003-240x160.jpg 240w, https:\/\/heimatverein-wulfen.de\/wp01\/wp-content\/uploads\/2017\/07\/Rademache_0003.jpg 700w\" sizes=\"auto, (max-width: 300px) 100vw, 300px\" \/><\/a><p id=\"caption-attachment-3938\" class=\"wp-caption-text\">B\u00fcrgermeister Tobias Stockhoff \u00fcberreicht die silberne Ehrennadel der Stadt Dorsten<\/p><\/div>\n<div id=\"attachment_3941\" style=\"width: 310px\" class=\"wp-caption alignleft\"><a href=\"https:\/\/heimatverein-wulfen.de\/wp01\/wp-content\/uploads\/2017\/07\/Rademache_0004-2.jpg\" rel=\"lightbox[3932]\"><img loading=\"lazy\" decoding=\"async\" aria-describedby=\"caption-attachment-3941\" class=\"wp-image-3941 size-medium\" src=\"https:\/\/heimatverein-wulfen.de\/wp01\/wp-content\/uploads\/2017\/07\/Rademache_0004-2-300x199.jpg\" alt=\"\" width=\"300\" height=\"199\" srcset=\"https:\/\/heimatverein-wulfen.de\/wp01\/wp-content\/uploads\/2017\/07\/Rademache_0004-2-300x199.jpg 300w, https:\/\/heimatverein-wulfen.de\/wp01\/wp-content\/uploads\/2017\/07\/Rademache_0004-2-480x320.jpg 480w, https:\/\/heimatverein-wulfen.de\/wp01\/wp-content\/uploads\/2017\/07\/Rademache_0004-2-320x213.jpg 320w, https:\/\/heimatverein-wulfen.de\/wp01\/wp-content\/uploads\/2017\/07\/Rademache_0004-2-240x160.jpg 240w, https:\/\/heimatverein-wulfen.de\/wp01\/wp-content\/uploads\/2017\/07\/Rademache_0004-2.jpg 700w\" sizes=\"auto, (max-width: 300px) 100vw, 300px\" \/><\/a><p id=\"caption-attachment-3941\" class=\"wp-caption-text\">v.li.: B\u00fcrgermeister Tobias Stockhoff, Margret Rademacher, Hans Rademacher<\/p><\/div>\n<p>&nbsp;<\/p>\n","protected":false},"excerpt":{"rendered":"<p>Hans Rademacher, Mitglied im Heimatverein, vollendete am Donnerstag dem 22. Juni 2017 sein 80. Lebensjahr. Hans R. war Leiter des Jugendheimes in Wulfen und Leiter von Ferienfreizeiten f\u00fcr Kinder. Das<\/p>\n<p><a href=\"https:\/\/heimatverein-wulfen.de\/wp01\/2017\/07\/10\/hans-rademacher-mitglied-im-heimatverein-mit-silberner-ehrennadel-der-stadt-dorsten-ausgezeichnet\/\" class=\"more-link themebutton\">Read More<\/a><\/p>\n","protected":false},"author":6,"featured_media":0,"comment_status":"open","ping_status":"open","sticky":false,"template":"","format":"standard","meta":{"_cbd_carousel_blocks":"[]","footnotes":""},"categories":[25],"tags":[],"class_list":["post-3932","post","type-post","status-publish","format-standard","hentry","category-aktuelles"],"publishpress_future_action":{"enabled":false,"date":"2026-05-06 00:39:56","action":"change-status","newStatus":"draft","terms":[],"taxonomy":"category","extraData":[]},"publishpress_future_workflow_manual_trigger":{"enabledWorkflows":[]},"_links":{"self":[{"href":"https:\/\/heimatverein-wulfen.de\/wp01\/wp-json\/wp\/v2\/posts\/3932","targetHints":{"allow":["GET"]}}],"collection":[{"href":"https:\/\/heimatverein-wulfen.de\/wp01\/wp-json\/wp\/v2\/posts"}],"about":[{"href":"https:\/\/heimatverein-wulfen.de\/wp01\/wp-json\/wp\/v2\/types\/post"}],"author":[{"embeddable":true,"href":"https:\/\/heimatverein-wulfen.de\/wp01\/wp-json\/wp\/v2\/users\/6"}],"replies":[{"embeddable":true,"href":"https:\/\/heimatverein-wulfen.de\/wp01\/wp-json\/wp\/v2\/comments?post=3932"}],"version-history":[{"count":6,"href":"https:\/\/heimatverein-wulfen.de\/wp01\/wp-json\/wp\/v2\/posts\/3932\/revisions"}],"predecessor-version":[{"id":3946,"href":"https:\/\/heimatverein-wulfen.de\/wp01\/wp-json\/wp\/v2\/posts\/3932\/revisions\/3946"}],"wp:attachment":[{"href":"https:\/\/heimatverein-wulfen.de\/wp01\/wp-json\/wp\/v2\/media?parent=3932"}],"wp:term":[{"taxonomy":"category","embeddable":true,"href":"https:\/\/heimatverein-wulfen.de\/wp01\/wp-json\/wp\/v2\/categories?post=3932"},{"taxonomy":"post_tag","embeddable":true,"href":"https:\/\/heimatverein-wulfen.de\/wp01\/wp-json\/wp\/v2\/tags?post=3932"}],"curies":[{"name":"wp","href":"https:\/\/api.w.org\/{rel}","templated":true}]}}