{"id":4101,"date":"2017-10-07T17:48:35","date_gmt":"2017-10-07T15:48:35","guid":{"rendered":"https:\/\/heimatverein-wulfen.de\/wp01\/?p=4101"},"modified":"2017-10-10T00:12:48","modified_gmt":"2017-10-09T22:12:48","slug":"gratulation-allen-lembeckern","status":"publish","type":"post","link":"https:\/\/heimatverein-wulfen.de\/wp01\/2017\/10\/07\/gratulation-allen-lembeckern\/","title":{"rendered":"GRATULATION allen Lembeckern"},"content":{"rendered":"<p><a href=\"https:\/\/heimatverein-wulfen.de\/wp01\/wp-content\/uploads\/2017\/10\/Lembeck_003.jpg\" rel=\"lightbox[4101]\"><img loading=\"lazy\" decoding=\"async\" class=\"alignleft wp-image-4105 size-medium\" src=\"https:\/\/heimatverein-wulfen.de\/wp01\/wp-content\/uploads\/2017\/10\/Lembeck_003-300x212.jpg\" alt=\"\" width=\"300\" height=\"212\" srcset=\"https:\/\/heimatverein-wulfen.de\/wp01\/wp-content\/uploads\/2017\/10\/Lembeck_003-300x212.jpg 300w, https:\/\/heimatverein-wulfen.de\/wp01\/wp-content\/uploads\/2017\/10\/Lembeck_003-768x543.jpg 768w, https:\/\/heimatverein-wulfen.de\/wp01\/wp-content\/uploads\/2017\/10\/Lembeck_003-1024x724.jpg 1024w, https:\/\/heimatverein-wulfen.de\/wp01\/wp-content\/uploads\/2017\/10\/Lembeck_003.jpg 1122w\" sizes=\"auto, (max-width: 300px) 100vw, 300px\" \/><\/a> Liebe Lembecker,<\/p>\n<p>sch\u00f6n da\u00df wir dabei sein durften, es hat uns sehr viel Spa\u00df gemacht!<\/p>\n<p>&nbsp;<\/p>\n<p>&nbsp;<\/p>\n<p>&nbsp;<\/p>\n<p>&nbsp;<\/p>\n<div id=\"attachment_4104\" style=\"width: 310px\" class=\"wp-caption alignleft\"><a href=\"https:\/\/heimatverein-wulfen.de\/wp01\/wp-content\/uploads\/2017\/10\/Lembeck_002.jpg\" rel=\"lightbox[4101]\"><img loading=\"lazy\" decoding=\"async\" aria-describedby=\"caption-attachment-4104\" class=\"wp-image-4104 size-medium\" src=\"https:\/\/heimatverein-wulfen.de\/wp01\/wp-content\/uploads\/2017\/10\/Lembeck_002-300x199.jpg\" alt=\"\" width=\"300\" height=\"199\" srcset=\"https:\/\/heimatverein-wulfen.de\/wp01\/wp-content\/uploads\/2017\/10\/Lembeck_002-300x199.jpg 300w, https:\/\/heimatverein-wulfen.de\/wp01\/wp-content\/uploads\/2017\/10\/Lembeck_002-480x320.jpg 480w, https:\/\/heimatverein-wulfen.de\/wp01\/wp-content\/uploads\/2017\/10\/Lembeck_002-320x213.jpg 320w, https:\/\/heimatverein-wulfen.de\/wp01\/wp-content\/uploads\/2017\/10\/Lembeck_002-240x160.jpg 240w, https:\/\/heimatverein-wulfen.de\/wp01\/wp-content\/uploads\/2017\/10\/Lembeck_002.jpg 700w\" sizes=\"auto, (max-width: 300px) 100vw, 300px\" \/><\/a><p id=\"caption-attachment-4104\" class=\"wp-caption-text\">Vorbereitung Jubil\u00e4umsumzug Lembeck Foto: Guido Bludau<\/p><\/div>\n<div id=\"attachment_4103\" style=\"width: 310px\" class=\"wp-caption alignleft\"><a href=\"https:\/\/heimatverein-wulfen.de\/wp01\/wp-content\/uploads\/2017\/10\/Lembeck_001.jpg\" rel=\"lightbox[4101]\"><img loading=\"lazy\" decoding=\"async\" aria-describedby=\"caption-attachment-4103\" class=\"wp-image-4103 size-medium\" src=\"https:\/\/heimatverein-wulfen.de\/wp01\/wp-content\/uploads\/2017\/10\/Lembeck_001-300x199.jpg\" alt=\"\" width=\"300\" height=\"199\" srcset=\"https:\/\/heimatverein-wulfen.de\/wp01\/wp-content\/uploads\/2017\/10\/Lembeck_001-300x199.jpg 300w, https:\/\/heimatverein-wulfen.de\/wp01\/wp-content\/uploads\/2017\/10\/Lembeck_001-480x320.jpg 480w, https:\/\/heimatverein-wulfen.de\/wp01\/wp-content\/uploads\/2017\/10\/Lembeck_001-320x213.jpg 320w, https:\/\/heimatverein-wulfen.de\/wp01\/wp-content\/uploads\/2017\/10\/Lembeck_001-240x160.jpg 240w, https:\/\/heimatverein-wulfen.de\/wp01\/wp-content\/uploads\/2017\/10\/Lembeck_001.jpg 700w\" sizes=\"auto, (max-width: 300px) 100vw, 300px\" \/><\/a><p id=\"caption-attachment-4103\" class=\"wp-caption-text\">Vorbereitung Jubil\u00e4umsumzug Lembeck Foto: Guido Bludau<\/p><\/div>\n<div id=\"attachment_4116\" style=\"width: 310px\" class=\"wp-caption alignleft\"><a href=\"https:\/\/heimatverein-wulfen.de\/wp01\/wp-content\/uploads\/2017\/10\/Lembeck_006.jpg\" rel=\"lightbox[4101]\"><img loading=\"lazy\" decoding=\"async\" aria-describedby=\"caption-attachment-4116\" class=\"wp-image-4116 size-medium\" src=\"https:\/\/heimatverein-wulfen.de\/wp01\/wp-content\/uploads\/2017\/10\/Lembeck_006-300x180.jpg\" alt=\"\" width=\"300\" height=\"180\" srcset=\"https:\/\/heimatverein-wulfen.de\/wp01\/wp-content\/uploads\/2017\/10\/Lembeck_006-300x180.jpg 300w, https:\/\/heimatverein-wulfen.de\/wp01\/wp-content\/uploads\/2017\/10\/Lembeck_006-480x288.jpg 480w, https:\/\/heimatverein-wulfen.de\/wp01\/wp-content\/uploads\/2017\/10\/Lembeck_006-320x192.jpg 320w, https:\/\/heimatverein-wulfen.de\/wp01\/wp-content\/uploads\/2017\/10\/Lembeck_006-240x144.jpg 240w, https:\/\/heimatverein-wulfen.de\/wp01\/wp-content\/uploads\/2017\/10\/Lembeck_006.jpg 700w\" sizes=\"auto, (max-width: 300px) 100vw, 300px\" \/><\/a><p id=\"caption-attachment-4116\" class=\"wp-caption-text\">Jubil\u00e4umsumzug Lembeck Foto: Dirk Kulessa<\/p><\/div>\n<div id=\"attachment_4115\" style=\"width: 310px\" class=\"wp-caption alignleft\"><a href=\"https:\/\/heimatverein-wulfen.de\/wp01\/wp-content\/uploads\/2017\/10\/Lembeck_005.jpg\" rel=\"lightbox[4101]\"><img loading=\"lazy\" decoding=\"async\" aria-describedby=\"caption-attachment-4115\" class=\"wp-image-4115 size-medium\" src=\"https:\/\/heimatverein-wulfen.de\/wp01\/wp-content\/uploads\/2017\/10\/Lembeck_005-300x180.jpg\" alt=\"\" width=\"300\" height=\"180\" srcset=\"https:\/\/heimatverein-wulfen.de\/wp01\/wp-content\/uploads\/2017\/10\/Lembeck_005-300x180.jpg 300w, https:\/\/heimatverein-wulfen.de\/wp01\/wp-content\/uploads\/2017\/10\/Lembeck_005-480x288.jpg 480w, https:\/\/heimatverein-wulfen.de\/wp01\/wp-content\/uploads\/2017\/10\/Lembeck_005-320x192.jpg 320w, https:\/\/heimatverein-wulfen.de\/wp01\/wp-content\/uploads\/2017\/10\/Lembeck_005-240x144.jpg 240w, https:\/\/heimatverein-wulfen.de\/wp01\/wp-content\/uploads\/2017\/10\/Lembeck_005.jpg 700w\" sizes=\"auto, (max-width: 300px) 100vw, 300px\" \/><\/a><p id=\"caption-attachment-4115\" class=\"wp-caption-text\">Jubil\u00e4umsumzug Lembeck Foto: Dirk Kulessa<\/p><\/div>\n<div id=\"attachment_4114\" style=\"width: 310px\" class=\"wp-caption alignleft\"><a href=\"https:\/\/heimatverein-wulfen.de\/wp01\/wp-content\/uploads\/2017\/10\/Lembeck_004.jpg\" rel=\"lightbox[4101]\"><img loading=\"lazy\" decoding=\"async\" aria-describedby=\"caption-attachment-4114\" class=\"wp-image-4114 size-medium\" src=\"https:\/\/heimatverein-wulfen.de\/wp01\/wp-content\/uploads\/2017\/10\/Lembeck_004-300x180.jpg\" alt=\"\" width=\"300\" height=\"180\" srcset=\"https:\/\/heimatverein-wulfen.de\/wp01\/wp-content\/uploads\/2017\/10\/Lembeck_004-300x180.jpg 300w, https:\/\/heimatverein-wulfen.de\/wp01\/wp-content\/uploads\/2017\/10\/Lembeck_004-480x288.jpg 480w, https:\/\/heimatverein-wulfen.de\/wp01\/wp-content\/uploads\/2017\/10\/Lembeck_004-320x192.jpg 320w, https:\/\/heimatverein-wulfen.de\/wp01\/wp-content\/uploads\/2017\/10\/Lembeck_004-240x144.jpg 240w, https:\/\/heimatverein-wulfen.de\/wp01\/wp-content\/uploads\/2017\/10\/Lembeck_004.jpg 700w\" sizes=\"auto, (max-width: 300px) 100vw, 300px\" \/><\/a><p id=\"caption-attachment-4114\" class=\"wp-caption-text\">Jubil\u00e4umsumzug Lembeck Foto: Dirk Kulessa<\/p><\/div>\n<div id=\"attachment_4117\" style=\"width: 310px\" class=\"wp-caption alignleft\"><a href=\"https:\/\/heimatverein-wulfen.de\/wp01\/wp-content\/uploads\/2017\/10\/Lembeck_007.jpg\" rel=\"lightbox[4101]\"><img loading=\"lazy\" decoding=\"async\" aria-describedby=\"caption-attachment-4117\" class=\"wp-image-4117 size-medium\" src=\"https:\/\/heimatverein-wulfen.de\/wp01\/wp-content\/uploads\/2017\/10\/Lembeck_007-300x199.jpg\" alt=\"\" width=\"300\" height=\"199\" srcset=\"https:\/\/heimatverein-wulfen.de\/wp01\/wp-content\/uploads\/2017\/10\/Lembeck_007-300x199.jpg 300w, https:\/\/heimatverein-wulfen.de\/wp01\/wp-content\/uploads\/2017\/10\/Lembeck_007-480x320.jpg 480w, https:\/\/heimatverein-wulfen.de\/wp01\/wp-content\/uploads\/2017\/10\/Lembeck_007-320x213.jpg 320w, https:\/\/heimatverein-wulfen.de\/wp01\/wp-content\/uploads\/2017\/10\/Lembeck_007-240x160.jpg 240w, https:\/\/heimatverein-wulfen.de\/wp01\/wp-content\/uploads\/2017\/10\/Lembeck_007.jpg 700w\" sizes=\"auto, (max-width: 300px) 100vw, 300px\" \/><\/a><p id=\"caption-attachment-4117\" class=\"wp-caption-text\">Jubil\u00e4umsumzug Lembeck Foto: Guido Bludau<\/p><\/div>\n<div id=\"attachment_4118\" style=\"width: 310px\" class=\"wp-caption alignleft\"><a href=\"https:\/\/heimatverein-wulfen.de\/wp01\/wp-content\/uploads\/2017\/10\/Lembeck_008.jpg\" rel=\"lightbox[4101]\"><img loading=\"lazy\" decoding=\"async\" aria-describedby=\"caption-attachment-4118\" class=\"wp-image-4118 size-medium\" src=\"https:\/\/heimatverein-wulfen.de\/wp01\/wp-content\/uploads\/2017\/10\/Lembeck_008-300x199.jpg\" alt=\"\" width=\"300\" height=\"199\" srcset=\"https:\/\/heimatverein-wulfen.de\/wp01\/wp-content\/uploads\/2017\/10\/Lembeck_008-300x199.jpg 300w, https:\/\/heimatverein-wulfen.de\/wp01\/wp-content\/uploads\/2017\/10\/Lembeck_008-480x320.jpg 480w, https:\/\/heimatverein-wulfen.de\/wp01\/wp-content\/uploads\/2017\/10\/Lembeck_008-320x213.jpg 320w, https:\/\/heimatverein-wulfen.de\/wp01\/wp-content\/uploads\/2017\/10\/Lembeck_008-240x160.jpg 240w, https:\/\/heimatverein-wulfen.de\/wp01\/wp-content\/uploads\/2017\/10\/Lembeck_008.jpg 700w\" sizes=\"auto, (max-width: 300px) 100vw, 300px\" \/><\/a><p id=\"caption-attachment-4118\" class=\"wp-caption-text\">Jubil\u00e4umsumzug Lembeck Foto: Guido Bludau<\/p><\/div>\n<div id=\"attachment_4119\" style=\"width: 310px\" class=\"wp-caption alignleft\"><a href=\"https:\/\/heimatverein-wulfen.de\/wp01\/wp-content\/uploads\/2017\/10\/Lembeck_009.jpg\" rel=\"lightbox[4101]\"><img loading=\"lazy\" decoding=\"async\" aria-describedby=\"caption-attachment-4119\" class=\"wp-image-4119 size-medium\" src=\"https:\/\/heimatverein-wulfen.de\/wp01\/wp-content\/uploads\/2017\/10\/Lembeck_009-300x199.jpg\" alt=\"\" width=\"300\" height=\"199\" srcset=\"https:\/\/heimatverein-wulfen.de\/wp01\/wp-content\/uploads\/2017\/10\/Lembeck_009-300x199.jpg 300w, https:\/\/heimatverein-wulfen.de\/wp01\/wp-content\/uploads\/2017\/10\/Lembeck_009-480x320.jpg 480w, https:\/\/heimatverein-wulfen.de\/wp01\/wp-content\/uploads\/2017\/10\/Lembeck_009-320x213.jpg 320w, https:\/\/heimatverein-wulfen.de\/wp01\/wp-content\/uploads\/2017\/10\/Lembeck_009-240x160.jpg 240w, https:\/\/heimatverein-wulfen.de\/wp01\/wp-content\/uploads\/2017\/10\/Lembeck_009.jpg 700w\" sizes=\"auto, (max-width: 300px) 100vw, 300px\" \/><\/a><p id=\"caption-attachment-4119\" class=\"wp-caption-text\">Jubil\u00e4umsumzug Lembeck Foto: Guido Bludau<\/p><\/div>\n<div id=\"attachment_4120\" style=\"width: 310px\" class=\"wp-caption alignleft\"><a href=\"https:\/\/heimatverein-wulfen.de\/wp01\/wp-content\/uploads\/2017\/10\/Lembeck_010.jpg\" rel=\"lightbox[4101]\"><img loading=\"lazy\" decoding=\"async\" aria-describedby=\"caption-attachment-4120\" class=\"wp-image-4120 size-medium\" src=\"https:\/\/heimatverein-wulfen.de\/wp01\/wp-content\/uploads\/2017\/10\/Lembeck_010-300x199.jpg\" alt=\"\" width=\"300\" height=\"199\" srcset=\"https:\/\/heimatverein-wulfen.de\/wp01\/wp-content\/uploads\/2017\/10\/Lembeck_010-300x199.jpg 300w, https:\/\/heimatverein-wulfen.de\/wp01\/wp-content\/uploads\/2017\/10\/Lembeck_010-480x320.jpg 480w, https:\/\/heimatverein-wulfen.de\/wp01\/wp-content\/uploads\/2017\/10\/Lembeck_010-320x213.jpg 320w, https:\/\/heimatverein-wulfen.de\/wp01\/wp-content\/uploads\/2017\/10\/Lembeck_010-240x160.jpg 240w, https:\/\/heimatverein-wulfen.de\/wp01\/wp-content\/uploads\/2017\/10\/Lembeck_010.jpg 700w\" sizes=\"auto, (max-width: 300px) 100vw, 300px\" \/><\/a><p id=\"caption-attachment-4120\" class=\"wp-caption-text\">Jubil\u00e4umsumzug Lembeck Foto: Guido Bludau<\/p><\/div>\n<div id=\"attachment_4121\" style=\"width: 310px\" class=\"wp-caption alignleft\"><a href=\"https:\/\/heimatverein-wulfen.de\/wp01\/wp-content\/uploads\/2017\/10\/Lembeck_011.jpg\" rel=\"lightbox[4101]\"><img loading=\"lazy\" decoding=\"async\" aria-describedby=\"caption-attachment-4121\" class=\"wp-image-4121 size-medium\" src=\"https:\/\/heimatverein-wulfen.de\/wp01\/wp-content\/uploads\/2017\/10\/Lembeck_011-300x199.jpg\" alt=\"\" width=\"300\" height=\"199\" srcset=\"https:\/\/heimatverein-wulfen.de\/wp01\/wp-content\/uploads\/2017\/10\/Lembeck_011-300x199.jpg 300w, https:\/\/heimatverein-wulfen.de\/wp01\/wp-content\/uploads\/2017\/10\/Lembeck_011-480x320.jpg 480w, https:\/\/heimatverein-wulfen.de\/wp01\/wp-content\/uploads\/2017\/10\/Lembeck_011-320x213.jpg 320w, https:\/\/heimatverein-wulfen.de\/wp01\/wp-content\/uploads\/2017\/10\/Lembeck_011-240x160.jpg 240w, https:\/\/heimatverein-wulfen.de\/wp01\/wp-content\/uploads\/2017\/10\/Lembeck_011.jpg 700w\" sizes=\"auto, (max-width: 300px) 100vw, 300px\" \/><\/a><p id=\"caption-attachment-4121\" class=\"wp-caption-text\">Jubil\u00e4umsumzug Lembeck Foto: Guido Bludau<\/p><\/div>\n<div id=\"attachment_4122\" style=\"width: 310px\" class=\"wp-caption alignleft\"><a href=\"https:\/\/heimatverein-wulfen.de\/wp01\/wp-content\/uploads\/2017\/10\/Lembeck_012.jpg\" rel=\"lightbox[4101]\"><img loading=\"lazy\" decoding=\"async\" aria-describedby=\"caption-attachment-4122\" class=\"wp-image-4122 size-medium\" src=\"https:\/\/heimatverein-wulfen.de\/wp01\/wp-content\/uploads\/2017\/10\/Lembeck_012-300x199.jpg\" alt=\"\" width=\"300\" height=\"199\" srcset=\"https:\/\/heimatverein-wulfen.de\/wp01\/wp-content\/uploads\/2017\/10\/Lembeck_012-300x199.jpg 300w, https:\/\/heimatverein-wulfen.de\/wp01\/wp-content\/uploads\/2017\/10\/Lembeck_012-480x320.jpg 480w, https:\/\/heimatverein-wulfen.de\/wp01\/wp-content\/uploads\/2017\/10\/Lembeck_012-320x213.jpg 320w, https:\/\/heimatverein-wulfen.de\/wp01\/wp-content\/uploads\/2017\/10\/Lembeck_012-240x160.jpg 240w, https:\/\/heimatverein-wulfen.de\/wp01\/wp-content\/uploads\/2017\/10\/Lembeck_012.jpg 700w\" sizes=\"auto, (max-width: 300px) 100vw, 300px\" \/><\/a><p id=\"caption-attachment-4122\" class=\"wp-caption-text\">Jubil\u00e4umsumzug Lembeck Foto: Guido Bludau<\/p><\/div>\n<div id=\"attachment_4123\" style=\"width: 310px\" class=\"wp-caption alignleft\"><a href=\"https:\/\/heimatverein-wulfen.de\/wp01\/wp-content\/uploads\/2017\/10\/Lembeck_013.jpg\" rel=\"lightbox[4101]\"><img loading=\"lazy\" decoding=\"async\" aria-describedby=\"caption-attachment-4123\" class=\"wp-image-4123 size-medium\" src=\"https:\/\/heimatverein-wulfen.de\/wp01\/wp-content\/uploads\/2017\/10\/Lembeck_013-300x199.jpg\" alt=\"\" width=\"300\" height=\"199\" srcset=\"https:\/\/heimatverein-wulfen.de\/wp01\/wp-content\/uploads\/2017\/10\/Lembeck_013-300x199.jpg 300w, https:\/\/heimatverein-wulfen.de\/wp01\/wp-content\/uploads\/2017\/10\/Lembeck_013-480x320.jpg 480w, https:\/\/heimatverein-wulfen.de\/wp01\/wp-content\/uploads\/2017\/10\/Lembeck_013-320x213.jpg 320w, https:\/\/heimatverein-wulfen.de\/wp01\/wp-content\/uploads\/2017\/10\/Lembeck_013-240x160.jpg 240w, https:\/\/heimatverein-wulfen.de\/wp01\/wp-content\/uploads\/2017\/10\/Lembeck_013.jpg 700w\" sizes=\"auto, (max-width: 300px) 100vw, 300px\" \/><\/a><p id=\"caption-attachment-4123\" class=\"wp-caption-text\">Jubil\u00e4umsumzug Lembeck Foto: Guido Bludau<\/p><\/div>\n<div id=\"attachment_4124\" style=\"width: 310px\" class=\"wp-caption alignleft\"><a href=\"https:\/\/heimatverein-wulfen.de\/wp01\/wp-content\/uploads\/2017\/10\/Lembeck_014.jpg\" rel=\"lightbox[4101]\"><img loading=\"lazy\" decoding=\"async\" aria-describedby=\"caption-attachment-4124\" class=\"wp-image-4124 size-medium\" src=\"https:\/\/heimatverein-wulfen.de\/wp01\/wp-content\/uploads\/2017\/10\/Lembeck_014-300x199.jpg\" alt=\"\" width=\"300\" height=\"199\" srcset=\"https:\/\/heimatverein-wulfen.de\/wp01\/wp-content\/uploads\/2017\/10\/Lembeck_014-300x199.jpg 300w, https:\/\/heimatverein-wulfen.de\/wp01\/wp-content\/uploads\/2017\/10\/Lembeck_014-480x320.jpg 480w, https:\/\/heimatverein-wulfen.de\/wp01\/wp-content\/uploads\/2017\/10\/Lembeck_014-320x213.jpg 320w, https:\/\/heimatverein-wulfen.de\/wp01\/wp-content\/uploads\/2017\/10\/Lembeck_014-240x160.jpg 240w, https:\/\/heimatverein-wulfen.de\/wp01\/wp-content\/uploads\/2017\/10\/Lembeck_014.jpg 700w\" sizes=\"auto, (max-width: 300px) 100vw, 300px\" \/><\/a><p id=\"caption-attachment-4124\" class=\"wp-caption-text\">Jubil\u00e4umsumzug Lembeck Foto: Guido Bludau<\/p><\/div>\n<div id=\"attachment_4125\" style=\"width: 310px\" class=\"wp-caption alignleft\"><a href=\"https:\/\/heimatverein-wulfen.de\/wp01\/wp-content\/uploads\/2017\/10\/Lembeck_015.jpg\" rel=\"lightbox[4101]\"><img loading=\"lazy\" decoding=\"async\" aria-describedby=\"caption-attachment-4125\" class=\"wp-image-4125 size-medium\" src=\"https:\/\/heimatverein-wulfen.de\/wp01\/wp-content\/uploads\/2017\/10\/Lembeck_015-300x199.jpg\" alt=\"\" width=\"300\" height=\"199\" srcset=\"https:\/\/heimatverein-wulfen.de\/wp01\/wp-content\/uploads\/2017\/10\/Lembeck_015-300x199.jpg 300w, https:\/\/heimatverein-wulfen.de\/wp01\/wp-content\/uploads\/2017\/10\/Lembeck_015-480x320.jpg 480w, https:\/\/heimatverein-wulfen.de\/wp01\/wp-content\/uploads\/2017\/10\/Lembeck_015-320x213.jpg 320w, https:\/\/heimatverein-wulfen.de\/wp01\/wp-content\/uploads\/2017\/10\/Lembeck_015-240x160.jpg 240w, https:\/\/heimatverein-wulfen.de\/wp01\/wp-content\/uploads\/2017\/10\/Lembeck_015.jpg 700w\" sizes=\"auto, (max-width: 300px) 100vw, 300px\" \/><\/a><p id=\"caption-attachment-4125\" class=\"wp-caption-text\">Jubil\u00e4umsumzug Lembeck Foto: Guido Bludau<\/p><\/div>\n<div id=\"attachment_4126\" style=\"width: 310px\" class=\"wp-caption alignleft\"><a href=\"https:\/\/heimatverein-wulfen.de\/wp01\/wp-content\/uploads\/2017\/10\/Lembeck_016.jpg\" rel=\"lightbox[4101]\"><img loading=\"lazy\" decoding=\"async\" aria-describedby=\"caption-attachment-4126\" class=\"wp-image-4126 size-medium\" src=\"https:\/\/heimatverein-wulfen.de\/wp01\/wp-content\/uploads\/2017\/10\/Lembeck_016-300x199.jpg\" alt=\"\" width=\"300\" height=\"199\" srcset=\"https:\/\/heimatverein-wulfen.de\/wp01\/wp-content\/uploads\/2017\/10\/Lembeck_016-300x199.jpg 300w, https:\/\/heimatverein-wulfen.de\/wp01\/wp-content\/uploads\/2017\/10\/Lembeck_016-480x320.jpg 480w, https:\/\/heimatverein-wulfen.de\/wp01\/wp-content\/uploads\/2017\/10\/Lembeck_016-320x213.jpg 320w, https:\/\/heimatverein-wulfen.de\/wp01\/wp-content\/uploads\/2017\/10\/Lembeck_016-240x160.jpg 240w, https:\/\/heimatverein-wulfen.de\/wp01\/wp-content\/uploads\/2017\/10\/Lembeck_016.jpg 700w\" sizes=\"auto, (max-width: 300px) 100vw, 300px\" \/><\/a><p id=\"caption-attachment-4126\" class=\"wp-caption-text\">Jubil\u00e4umsumzug Lembeck Foto: Guido Bludau<\/p><\/div>\n<div id=\"attachment_4127\" style=\"width: 310px\" class=\"wp-caption alignleft\"><a href=\"https:\/\/heimatverein-wulfen.de\/wp01\/wp-content\/uploads\/2017\/10\/Lembeck_017.jpg\" rel=\"lightbox[4101]\"><img loading=\"lazy\" decoding=\"async\" aria-describedby=\"caption-attachment-4127\" class=\"wp-image-4127 size-medium\" src=\"https:\/\/heimatverein-wulfen.de\/wp01\/wp-content\/uploads\/2017\/10\/Lembeck_017-300x199.jpg\" alt=\"\" width=\"300\" height=\"199\" srcset=\"https:\/\/heimatverein-wulfen.de\/wp01\/wp-content\/uploads\/2017\/10\/Lembeck_017-300x199.jpg 300w, https:\/\/heimatverein-wulfen.de\/wp01\/wp-content\/uploads\/2017\/10\/Lembeck_017-480x320.jpg 480w, https:\/\/heimatverein-wulfen.de\/wp01\/wp-content\/uploads\/2017\/10\/Lembeck_017-320x213.jpg 320w, https:\/\/heimatverein-wulfen.de\/wp01\/wp-content\/uploads\/2017\/10\/Lembeck_017-240x160.jpg 240w, https:\/\/heimatverein-wulfen.de\/wp01\/wp-content\/uploads\/2017\/10\/Lembeck_017.jpg 700w\" sizes=\"auto, (max-width: 300px) 100vw, 300px\" \/><\/a><p id=\"caption-attachment-4127\" class=\"wp-caption-text\">Jubil\u00e4umsumzug Lembeck Foto: Guido Bludau<\/p><\/div>\n<div id=\"attachment_4128\" style=\"width: 310px\" class=\"wp-caption alignleft\"><a href=\"https:\/\/heimatverein-wulfen.de\/wp01\/wp-content\/uploads\/2017\/10\/Lembeck_018.jpg\" rel=\"lightbox[4101]\"><img loading=\"lazy\" decoding=\"async\" aria-describedby=\"caption-attachment-4128\" class=\"wp-image-4128 size-medium\" src=\"https:\/\/heimatverein-wulfen.de\/wp01\/wp-content\/uploads\/2017\/10\/Lembeck_018-300x199.jpg\" alt=\"\" width=\"300\" height=\"199\" srcset=\"https:\/\/heimatverein-wulfen.de\/wp01\/wp-content\/uploads\/2017\/10\/Lembeck_018-300x199.jpg 300w, https:\/\/heimatverein-wulfen.de\/wp01\/wp-content\/uploads\/2017\/10\/Lembeck_018-480x320.jpg 480w, https:\/\/heimatverein-wulfen.de\/wp01\/wp-content\/uploads\/2017\/10\/Lembeck_018-320x213.jpg 320w, https:\/\/heimatverein-wulfen.de\/wp01\/wp-content\/uploads\/2017\/10\/Lembeck_018-240x160.jpg 240w, https:\/\/heimatverein-wulfen.de\/wp01\/wp-content\/uploads\/2017\/10\/Lembeck_018.jpg 700w\" sizes=\"auto, (max-width: 300px) 100vw, 300px\" \/><\/a><p id=\"caption-attachment-4128\" class=\"wp-caption-text\">Jubil\u00e4umsumzug Lembeck Foto: Guido Bludau<\/p><\/div>\n<div id=\"attachment_4129\" style=\"width: 310px\" class=\"wp-caption alignleft\"><a href=\"https:\/\/heimatverein-wulfen.de\/wp01\/wp-content\/uploads\/2017\/10\/Lembeck_019.jpg\" rel=\"lightbox[4101]\"><img loading=\"lazy\" decoding=\"async\" aria-describedby=\"caption-attachment-4129\" class=\"wp-image-4129 size-medium\" src=\"https:\/\/heimatverein-wulfen.de\/wp01\/wp-content\/uploads\/2017\/10\/Lembeck_019-300x199.jpg\" alt=\"\" width=\"300\" height=\"199\" srcset=\"https:\/\/heimatverein-wulfen.de\/wp01\/wp-content\/uploads\/2017\/10\/Lembeck_019-300x199.jpg 300w, https:\/\/heimatverein-wulfen.de\/wp01\/wp-content\/uploads\/2017\/10\/Lembeck_019-480x320.jpg 480w, https:\/\/heimatverein-wulfen.de\/wp01\/wp-content\/uploads\/2017\/10\/Lembeck_019-320x213.jpg 320w, https:\/\/heimatverein-wulfen.de\/wp01\/wp-content\/uploads\/2017\/10\/Lembeck_019-240x160.jpg 240w, https:\/\/heimatverein-wulfen.de\/wp01\/wp-content\/uploads\/2017\/10\/Lembeck_019.jpg 700w\" sizes=\"auto, (max-width: 300px) 100vw, 300px\" \/><\/a><p id=\"caption-attachment-4129\" class=\"wp-caption-text\">Jubil\u00e4umsumzug Lembeck Foto: Guido Bludau<\/p><\/div>\n<div id=\"attachment_4130\" style=\"width: 310px\" class=\"wp-caption alignleft\"><a href=\"https:\/\/heimatverein-wulfen.de\/wp01\/wp-content\/uploads\/2017\/10\/Lembeck_020.jpg\" rel=\"lightbox[4101]\"><img loading=\"lazy\" decoding=\"async\" aria-describedby=\"caption-attachment-4130\" class=\"wp-image-4130 size-medium\" src=\"https:\/\/heimatverein-wulfen.de\/wp01\/wp-content\/uploads\/2017\/10\/Lembeck_020-300x199.jpg\" alt=\"\" width=\"300\" height=\"199\" srcset=\"https:\/\/heimatverein-wulfen.de\/wp01\/wp-content\/uploads\/2017\/10\/Lembeck_020-300x199.jpg 300w, https:\/\/heimatverein-wulfen.de\/wp01\/wp-content\/uploads\/2017\/10\/Lembeck_020-480x320.jpg 480w, https:\/\/heimatverein-wulfen.de\/wp01\/wp-content\/uploads\/2017\/10\/Lembeck_020-320x213.jpg 320w, https:\/\/heimatverein-wulfen.de\/wp01\/wp-content\/uploads\/2017\/10\/Lembeck_020-240x160.jpg 240w, https:\/\/heimatverein-wulfen.de\/wp01\/wp-content\/uploads\/2017\/10\/Lembeck_020.jpg 700w\" sizes=\"auto, (max-width: 300px) 100vw, 300px\" \/><\/a><p id=\"caption-attachment-4130\" class=\"wp-caption-text\">Jubil\u00e4umsumzug Lembeck Foto: Guido Bludau<\/p><\/div>\n<div id=\"attachment_4131\" style=\"width: 310px\" class=\"wp-caption alignleft\"><a href=\"https:\/\/heimatverein-wulfen.de\/wp01\/wp-content\/uploads\/2017\/10\/Lembeck_021.jpg\" rel=\"lightbox[4101]\"><img loading=\"lazy\" decoding=\"async\" aria-describedby=\"caption-attachment-4131\" class=\"wp-image-4131 size-medium\" src=\"https:\/\/heimatverein-wulfen.de\/wp01\/wp-content\/uploads\/2017\/10\/Lembeck_021-300x199.jpg\" alt=\"\" width=\"300\" height=\"199\" srcset=\"https:\/\/heimatverein-wulfen.de\/wp01\/wp-content\/uploads\/2017\/10\/Lembeck_021-300x199.jpg 300w, https:\/\/heimatverein-wulfen.de\/wp01\/wp-content\/uploads\/2017\/10\/Lembeck_021-480x320.jpg 480w, https:\/\/heimatverein-wulfen.de\/wp01\/wp-content\/uploads\/2017\/10\/Lembeck_021-320x213.jpg 320w, https:\/\/heimatverein-wulfen.de\/wp01\/wp-content\/uploads\/2017\/10\/Lembeck_021-240x160.jpg 240w, https:\/\/heimatverein-wulfen.de\/wp01\/wp-content\/uploads\/2017\/10\/Lembeck_021.jpg 700w\" sizes=\"auto, (max-width: 300px) 100vw, 300px\" \/><\/a><p id=\"caption-attachment-4131\" class=\"wp-caption-text\">Jubil\u00e4umsumzug Lembeck Foto: Guido Bludau<\/p><\/div>\n<div id=\"attachment_4132\" style=\"width: 310px\" class=\"wp-caption alignleft\"><a href=\"https:\/\/heimatverein-wulfen.de\/wp01\/wp-content\/uploads\/2017\/10\/Lembeck_022.jpg\" rel=\"lightbox[4101]\"><img loading=\"lazy\" decoding=\"async\" aria-describedby=\"caption-attachment-4132\" class=\"wp-image-4132 size-medium\" src=\"https:\/\/heimatverein-wulfen.de\/wp01\/wp-content\/uploads\/2017\/10\/Lembeck_022-300x199.jpg\" alt=\"\" width=\"300\" height=\"199\" srcset=\"https:\/\/heimatverein-wulfen.de\/wp01\/wp-content\/uploads\/2017\/10\/Lembeck_022-300x199.jpg 300w, https:\/\/heimatverein-wulfen.de\/wp01\/wp-content\/uploads\/2017\/10\/Lembeck_022-480x320.jpg 480w, https:\/\/heimatverein-wulfen.de\/wp01\/wp-content\/uploads\/2017\/10\/Lembeck_022-320x213.jpg 320w, https:\/\/heimatverein-wulfen.de\/wp01\/wp-content\/uploads\/2017\/10\/Lembeck_022-240x160.jpg 240w, https:\/\/heimatverein-wulfen.de\/wp01\/wp-content\/uploads\/2017\/10\/Lembeck_022.jpg 700w\" sizes=\"auto, (max-width: 300px) 100vw, 300px\" \/><\/a><p id=\"caption-attachment-4132\" class=\"wp-caption-text\">Jubil\u00e4umsumzug Lembeck Foto: Guido Bludau<\/p><\/div>\n<div id=\"attachment_4133\" style=\"width: 310px\" class=\"wp-caption alignleft\"><a href=\"https:\/\/heimatverein-wulfen.de\/wp01\/wp-content\/uploads\/2017\/10\/Lembeck_023.jpg\" rel=\"lightbox[4101]\"><img loading=\"lazy\" decoding=\"async\" aria-describedby=\"caption-attachment-4133\" class=\"wp-image-4133 size-medium\" src=\"https:\/\/heimatverein-wulfen.de\/wp01\/wp-content\/uploads\/2017\/10\/Lembeck_023-300x199.jpg\" alt=\"\" width=\"300\" height=\"199\" srcset=\"https:\/\/heimatverein-wulfen.de\/wp01\/wp-content\/uploads\/2017\/10\/Lembeck_023-300x199.jpg 300w, https:\/\/heimatverein-wulfen.de\/wp01\/wp-content\/uploads\/2017\/10\/Lembeck_023-480x320.jpg 480w, https:\/\/heimatverein-wulfen.de\/wp01\/wp-content\/uploads\/2017\/10\/Lembeck_023-320x213.jpg 320w, https:\/\/heimatverein-wulfen.de\/wp01\/wp-content\/uploads\/2017\/10\/Lembeck_023-240x160.jpg 240w, https:\/\/heimatverein-wulfen.de\/wp01\/wp-content\/uploads\/2017\/10\/Lembeck_023.jpg 700w\" sizes=\"auto, (max-width: 300px) 100vw, 300px\" \/><\/a><p id=\"caption-attachment-4133\" class=\"wp-caption-text\">Jubil\u00e4umsumzug Lembeck Foto: Guido Bludau<\/p><\/div>\n<div id=\"attachment_4134\" style=\"width: 310px\" class=\"wp-caption alignleft\"><a href=\"https:\/\/heimatverein-wulfen.de\/wp01\/wp-content\/uploads\/2017\/10\/Lembeck_024.jpg\" rel=\"lightbox[4101]\"><img loading=\"lazy\" decoding=\"async\" aria-describedby=\"caption-attachment-4134\" class=\"wp-image-4134 size-medium\" src=\"https:\/\/heimatverein-wulfen.de\/wp01\/wp-content\/uploads\/2017\/10\/Lembeck_024-300x199.jpg\" alt=\"\" width=\"300\" height=\"199\" srcset=\"https:\/\/heimatverein-wulfen.de\/wp01\/wp-content\/uploads\/2017\/10\/Lembeck_024-300x199.jpg 300w, https:\/\/heimatverein-wulfen.de\/wp01\/wp-content\/uploads\/2017\/10\/Lembeck_024-480x320.jpg 480w, https:\/\/heimatverein-wulfen.de\/wp01\/wp-content\/uploads\/2017\/10\/Lembeck_024-320x213.jpg 320w, https:\/\/heimatverein-wulfen.de\/wp01\/wp-content\/uploads\/2017\/10\/Lembeck_024-240x160.jpg 240w, https:\/\/heimatverein-wulfen.de\/wp01\/wp-content\/uploads\/2017\/10\/Lembeck_024.jpg 700w\" sizes=\"auto, (max-width: 300px) 100vw, 300px\" \/><\/a><p id=\"caption-attachment-4134\" class=\"wp-caption-text\">Jubil\u00e4umsumzug Lembeck Foto: Guido Bludau<\/p><\/div>\n<div id=\"attachment_4135\" style=\"width: 310px\" class=\"wp-caption alignleft\"><a href=\"https:\/\/heimatverein-wulfen.de\/wp01\/wp-content\/uploads\/2017\/10\/Lembeck_025.jpg\" rel=\"lightbox[4101]\"><img loading=\"lazy\" decoding=\"async\" aria-describedby=\"caption-attachment-4135\" class=\"wp-image-4135 size-medium\" src=\"https:\/\/heimatverein-wulfen.de\/wp01\/wp-content\/uploads\/2017\/10\/Lembeck_025-300x199.jpg\" alt=\"\" width=\"300\" height=\"199\" srcset=\"https:\/\/heimatverein-wulfen.de\/wp01\/wp-content\/uploads\/2017\/10\/Lembeck_025-300x199.jpg 300w, https:\/\/heimatverein-wulfen.de\/wp01\/wp-content\/uploads\/2017\/10\/Lembeck_025-480x320.jpg 480w, https:\/\/heimatverein-wulfen.de\/wp01\/wp-content\/uploads\/2017\/10\/Lembeck_025-320x213.jpg 320w, https:\/\/heimatverein-wulfen.de\/wp01\/wp-content\/uploads\/2017\/10\/Lembeck_025-240x160.jpg 240w, https:\/\/heimatverein-wulfen.de\/wp01\/wp-content\/uploads\/2017\/10\/Lembeck_025.jpg 700w\" sizes=\"auto, (max-width: 300px) 100vw, 300px\" \/><\/a><p id=\"caption-attachment-4135\" class=\"wp-caption-text\">Jubil\u00e4umsumzug Lembeck Foto: Guido Bludau<\/p><\/div>\n<div id=\"attachment_4136\" style=\"width: 310px\" class=\"wp-caption alignleft\"><a href=\"https:\/\/heimatverein-wulfen.de\/wp01\/wp-content\/uploads\/2017\/10\/Lembeck_026.jpg\" rel=\"lightbox[4101]\"><img loading=\"lazy\" decoding=\"async\" aria-describedby=\"caption-attachment-4136\" class=\"wp-image-4136 size-medium\" src=\"https:\/\/heimatverein-wulfen.de\/wp01\/wp-content\/uploads\/2017\/10\/Lembeck_026-300x199.jpg\" alt=\"\" width=\"300\" height=\"199\" srcset=\"https:\/\/heimatverein-wulfen.de\/wp01\/wp-content\/uploads\/2017\/10\/Lembeck_026-300x199.jpg 300w, https:\/\/heimatverein-wulfen.de\/wp01\/wp-content\/uploads\/2017\/10\/Lembeck_026-480x320.jpg 480w, https:\/\/heimatverein-wulfen.de\/wp01\/wp-content\/uploads\/2017\/10\/Lembeck_026-320x213.jpg 320w, https:\/\/heimatverein-wulfen.de\/wp01\/wp-content\/uploads\/2017\/10\/Lembeck_026-240x160.jpg 240w, https:\/\/heimatverein-wulfen.de\/wp01\/wp-content\/uploads\/2017\/10\/Lembeck_026.jpg 700w\" sizes=\"auto, (max-width: 300px) 100vw, 300px\" \/><\/a><p id=\"caption-attachment-4136\" class=\"wp-caption-text\">Jubil\u00e4umsumzug Lembeck Foto: Guido Bludau<\/p><\/div>\n<div id=\"attachment_4137\" style=\"width: 310px\" class=\"wp-caption alignleft\"><a href=\"https:\/\/heimatverein-wulfen.de\/wp01\/wp-content\/uploads\/2017\/10\/Lembeck_027.jpg\" rel=\"lightbox[4101]\"><img loading=\"lazy\" decoding=\"async\" aria-describedby=\"caption-attachment-4137\" class=\"wp-image-4137 size-medium\" src=\"https:\/\/heimatverein-wulfen.de\/wp01\/wp-content\/uploads\/2017\/10\/Lembeck_027-300x199.jpg\" alt=\"\" width=\"300\" height=\"199\" srcset=\"https:\/\/heimatverein-wulfen.de\/wp01\/wp-content\/uploads\/2017\/10\/Lembeck_027-300x199.jpg 300w, https:\/\/heimatverein-wulfen.de\/wp01\/wp-content\/uploads\/2017\/10\/Lembeck_027-480x320.jpg 480w, https:\/\/heimatverein-wulfen.de\/wp01\/wp-content\/uploads\/2017\/10\/Lembeck_027-320x213.jpg 320w, https:\/\/heimatverein-wulfen.de\/wp01\/wp-content\/uploads\/2017\/10\/Lembeck_027-240x160.jpg 240w, https:\/\/heimatverein-wulfen.de\/wp01\/wp-content\/uploads\/2017\/10\/Lembeck_027.jpg 700w\" sizes=\"auto, (max-width: 300px) 100vw, 300px\" \/><\/a><p id=\"caption-attachment-4137\" class=\"wp-caption-text\">Jubil\u00e4umsumzug Lembeck Foto: Guido Bludau<\/p><\/div>\n<div id=\"attachment_4138\" style=\"width: 310px\" class=\"wp-caption alignleft\"><a href=\"https:\/\/heimatverein-wulfen.de\/wp01\/wp-content\/uploads\/2017\/10\/Lembeck_028.jpg\" rel=\"lightbox[4101]\"><img loading=\"lazy\" decoding=\"async\" aria-describedby=\"caption-attachment-4138\" class=\"wp-image-4138 size-medium\" src=\"https:\/\/heimatverein-wulfen.de\/wp01\/wp-content\/uploads\/2017\/10\/Lembeck_028-300x199.jpg\" alt=\"\" width=\"300\" height=\"199\" srcset=\"https:\/\/heimatverein-wulfen.de\/wp01\/wp-content\/uploads\/2017\/10\/Lembeck_028-300x199.jpg 300w, https:\/\/heimatverein-wulfen.de\/wp01\/wp-content\/uploads\/2017\/10\/Lembeck_028-480x320.jpg 480w, https:\/\/heimatverein-wulfen.de\/wp01\/wp-content\/uploads\/2017\/10\/Lembeck_028-320x213.jpg 320w, https:\/\/heimatverein-wulfen.de\/wp01\/wp-content\/uploads\/2017\/10\/Lembeck_028-240x160.jpg 240w, https:\/\/heimatverein-wulfen.de\/wp01\/wp-content\/uploads\/2017\/10\/Lembeck_028.jpg 700w\" sizes=\"auto, (max-width: 300px) 100vw, 300px\" \/><\/a><p id=\"caption-attachment-4138\" class=\"wp-caption-text\">Jubil\u00e4umsumzug Lembeck Foto: Guido Bludau<\/p><\/div>\n<div id=\"attachment_4139\" style=\"width: 310px\" class=\"wp-caption alignleft\"><a href=\"https:\/\/heimatverein-wulfen.de\/wp01\/wp-content\/uploads\/2017\/10\/Lembeck_029.jpg\" rel=\"lightbox[4101]\"><img loading=\"lazy\" decoding=\"async\" aria-describedby=\"caption-attachment-4139\" class=\"wp-image-4139 size-medium\" src=\"https:\/\/heimatverein-wulfen.de\/wp01\/wp-content\/uploads\/2017\/10\/Lembeck_029-300x201.jpg\" alt=\"\" width=\"300\" height=\"201\" srcset=\"https:\/\/heimatverein-wulfen.de\/wp01\/wp-content\/uploads\/2017\/10\/Lembeck_029-300x201.jpg 300w, https:\/\/heimatverein-wulfen.de\/wp01\/wp-content\/uploads\/2017\/10\/Lembeck_029-480x320.jpg 480w, https:\/\/heimatverein-wulfen.de\/wp01\/wp-content\/uploads\/2017\/10\/Lembeck_029-320x213.jpg 320w, https:\/\/heimatverein-wulfen.de\/wp01\/wp-content\/uploads\/2017\/10\/Lembeck_029-240x160.jpg 240w, https:\/\/heimatverein-wulfen.de\/wp01\/wp-content\/uploads\/2017\/10\/Lembeck_029.jpg 600w\" sizes=\"auto, (max-width: 300px) 100vw, 300px\" \/><\/a><p id=\"caption-attachment-4139\" class=\"wp-caption-text\">Jubil\u00e4umsumzug Lembeck Foto: Christian Gruber<\/p><\/div>\n<div id=\"attachment_4140\" style=\"width: 310px\" class=\"wp-caption alignleft\"><a href=\"https:\/\/heimatverein-wulfen.de\/wp01\/wp-content\/uploads\/2017\/10\/Lembeck_030.jpg\" rel=\"lightbox[4101]\"><img loading=\"lazy\" decoding=\"async\" aria-describedby=\"caption-attachment-4140\" class=\"wp-image-4140 size-medium\" src=\"https:\/\/heimatverein-wulfen.de\/wp01\/wp-content\/uploads\/2017\/10\/Lembeck_030-300x186.jpg\" alt=\"\" width=\"300\" height=\"186\" srcset=\"https:\/\/heimatverein-wulfen.de\/wp01\/wp-content\/uploads\/2017\/10\/Lembeck_030-300x186.jpg 300w, https:\/\/heimatverein-wulfen.de\/wp01\/wp-content\/uploads\/2017\/10\/Lembeck_030.jpg 600w\" sizes=\"auto, (max-width: 300px) 100vw, 300px\" \/><\/a><p id=\"caption-attachment-4140\" class=\"wp-caption-text\">Jubil\u00e4umsumzug Lembeck Foto: Christian Gruber<\/p><\/div>\n<div id=\"attachment_4141\" style=\"width: 310px\" class=\"wp-caption alignleft\"><a href=\"https:\/\/heimatverein-wulfen.de\/wp01\/wp-content\/uploads\/2017\/10\/Lembeck_031.jpg\" rel=\"lightbox[4101]\"><img loading=\"lazy\" decoding=\"async\" aria-describedby=\"caption-attachment-4141\" class=\"wp-image-4141 size-medium\" src=\"https:\/\/heimatverein-wulfen.de\/wp01\/wp-content\/uploads\/2017\/10\/Lembeck_031-300x200.jpg\" alt=\"\" width=\"300\" height=\"200\" srcset=\"https:\/\/heimatverein-wulfen.de\/wp01\/wp-content\/uploads\/2017\/10\/Lembeck_031-300x200.jpg 300w, https:\/\/heimatverein-wulfen.de\/wp01\/wp-content\/uploads\/2017\/10\/Lembeck_031-768x512.jpg 768w, https:\/\/heimatverein-wulfen.de\/wp01\/wp-content\/uploads\/2017\/10\/Lembeck_031-1024x683.jpg 1024w, https:\/\/heimatverein-wulfen.de\/wp01\/wp-content\/uploads\/2017\/10\/Lembeck_031-960x640.jpg 960w, https:\/\/heimatverein-wulfen.de\/wp01\/wp-content\/uploads\/2017\/10\/Lembeck_031-480x320.jpg 480w, https:\/\/heimatverein-wulfen.de\/wp01\/wp-content\/uploads\/2017\/10\/Lembeck_031-320x213.jpg 320w, https:\/\/heimatverein-wulfen.de\/wp01\/wp-content\/uploads\/2017\/10\/Lembeck_031-240x160.jpg 240w, https:\/\/heimatverein-wulfen.de\/wp01\/wp-content\/uploads\/2017\/10\/Lembeck_031.jpg 1200w\" sizes=\"auto, (max-width: 300px) 100vw, 300px\" \/><\/a><p id=\"caption-attachment-4141\" class=\"wp-caption-text\">Jubil\u00e4umsumzug Lembeck Foto: Christian Gruber<\/p><\/div>\n<div id=\"attachment_4142\" style=\"width: 310px\" class=\"wp-caption alignleft\"><a href=\"https:\/\/heimatverein-wulfen.de\/wp01\/wp-content\/uploads\/2017\/10\/Lembeck_032.jpg\" rel=\"lightbox[4101]\"><img loading=\"lazy\" decoding=\"async\" aria-describedby=\"caption-attachment-4142\" class=\"wp-image-4142 size-medium\" src=\"https:\/\/heimatverein-wulfen.de\/wp01\/wp-content\/uploads\/2017\/10\/Lembeck_032-300x199.jpg\" alt=\"\" width=\"300\" height=\"199\" srcset=\"https:\/\/heimatverein-wulfen.de\/wp01\/wp-content\/uploads\/2017\/10\/Lembeck_032-300x199.jpg 300w, https:\/\/heimatverein-wulfen.de\/wp01\/wp-content\/uploads\/2017\/10\/Lembeck_032-480x320.jpg 480w, https:\/\/heimatverein-wulfen.de\/wp01\/wp-content\/uploads\/2017\/10\/Lembeck_032-320x213.jpg 320w, https:\/\/heimatverein-wulfen.de\/wp01\/wp-content\/uploads\/2017\/10\/Lembeck_032-240x160.jpg 240w, https:\/\/heimatverein-wulfen.de\/wp01\/wp-content\/uploads\/2017\/10\/Lembeck_032.jpg 600w\" sizes=\"auto, (max-width: 300px) 100vw, 300px\" \/><\/a><p id=\"caption-attachment-4142\" class=\"wp-caption-text\">Jubil\u00e4umsumzug Lembeck Foto: Christian Gruber<\/p><\/div>\n<div id=\"attachment_4143\" style=\"width: 310px\" class=\"wp-caption alignleft\"><a href=\"https:\/\/heimatverein-wulfen.de\/wp01\/wp-content\/uploads\/2017\/10\/Lembeck_033.jpg\" rel=\"lightbox[4101]\"><img loading=\"lazy\" decoding=\"async\" aria-describedby=\"caption-attachment-4143\" class=\"wp-image-4143 size-medium\" src=\"https:\/\/heimatverein-wulfen.de\/wp01\/wp-content\/uploads\/2017\/10\/Lembeck_033-300x205.jpg\" alt=\"\" width=\"300\" height=\"205\" srcset=\"https:\/\/heimatverein-wulfen.de\/wp01\/wp-content\/uploads\/2017\/10\/Lembeck_033-300x205.jpg 300w, https:\/\/heimatverein-wulfen.de\/wp01\/wp-content\/uploads\/2017\/10\/Lembeck_033.jpg 600w\" sizes=\"auto, (max-width: 300px) 100vw, 300px\" \/><\/a><p id=\"caption-attachment-4143\" class=\"wp-caption-text\">Jubil\u00e4umsumzug Lembeck Foto: Christian Gruber<\/p><\/div>\n","protected":false},"excerpt":{"rendered":"<p>Liebe Lembecker, sch\u00f6n da\u00df wir dabei sein durften, es hat uns sehr viel Spa\u00df gemacht! &nbsp; &nbsp; &nbsp; &nbsp;<\/p>\n","protected":false},"author":6,"featured_media":0,"comment_status":"open","ping_status":"open","sticky":false,"template":"","format":"standard","meta":{"_cbd_carousel_blocks":"[]","footnotes":""},"categories":[25],"tags":[],"class_list":["post-4101","post","type-post","status-publish","format-standard","hentry","category-aktuelles"],"publishpress_future_action":{"enabled":false,"date":"2026-05-07 12:36:27","action":"change-status","newStatus":"draft","terms":[],"taxonomy":"category","extraData":[]},"publishpress_future_workflow_manual_trigger":{"enabledWorkflows":[]},"_links":{"self":[{"href":"https:\/\/heimatverein-wulfen.de\/wp01\/wp-json\/wp\/v2\/posts\/4101","targetHints":{"allow":["GET"]}}],"collection":[{"href":"https:\/\/heimatverein-wulfen.de\/wp01\/wp-json\/wp\/v2\/posts"}],"about":[{"href":"https:\/\/heimatverein-wulfen.de\/wp01\/wp-json\/wp\/v2\/types\/post"}],"author":[{"embeddable":true,"href":"https:\/\/heimatverein-wulfen.de\/wp01\/wp-json\/wp\/v2\/users\/6"}],"replies":[{"embeddable":true,"href":"https:\/\/heimatverein-wulfen.de\/wp01\/wp-json\/wp\/v2\/comments?post=4101"}],"version-history":[{"count":10,"href":"https:\/\/heimatverein-wulfen.de\/wp01\/wp-json\/wp\/v2\/posts\/4101\/revisions"}],"predecessor-version":[{"id":4144,"href":"https:\/\/heimatverein-wulfen.de\/wp01\/wp-json\/wp\/v2\/posts\/4101\/revisions\/4144"}],"wp:attachment":[{"href":"https:\/\/heimatverein-wulfen.de\/wp01\/wp-json\/wp\/v2\/media?parent=4101"}],"wp:term":[{"taxonomy":"category","embeddable":true,"href":"https:\/\/heimatverein-wulfen.de\/wp01\/wp-json\/wp\/v2\/categories?post=4101"},{"taxonomy":"post_tag","embeddable":true,"href":"https:\/\/heimatverein-wulfen.de\/wp01\/wp-json\/wp\/v2\/tags?post=4101"}],"curies":[{"name":"wp","href":"https:\/\/api.w.org\/{rel}","templated":true}]}}