{"id":5481,"date":"2018-09-30T00:44:59","date_gmt":"2018-09-29T22:44:59","guid":{"rendered":"https:\/\/heimatverein-wulfen.de\/wp01\/?p=5481"},"modified":"2018-09-30T00:46:19","modified_gmt":"2018-09-29T22:46:19","slug":"wulfener-baeuerin-und-kiepenkerl-vertreten-nrw","status":"publish","type":"post","link":"https:\/\/heimatverein-wulfen.de\/wp01\/2018\/09\/30\/wulfener-baeuerin-und-kiepenkerl-vertreten-nrw\/","title":{"rendered":"\u201eWulfener B\u00e4uerin und Kiepenkerl\u201c vertreten NRW"},"content":{"rendered":"<p><a href=\"https:\/\/heimatverein-wulfen.de\/wp01\/wp-content\/uploads\/2018\/09\/HVW_Kiepenkerl_Berlin.jpg\" rel=\"lightbox[5481]\"><img loading=\"lazy\" decoding=\"async\" class=\"alignleft wp-image-5480 size-medium\" src=\"https:\/\/heimatverein-wulfen.de\/wp01\/wp-content\/uploads\/2018\/09\/HVW_Kiepenkerl_Berlin-199x300.jpg\" alt=\"\" width=\"199\" height=\"300\" srcset=\"https:\/\/heimatverein-wulfen.de\/wp01\/wp-content\/uploads\/2018\/09\/HVW_Kiepenkerl_Berlin-199x300.jpg 199w, https:\/\/heimatverein-wulfen.de\/wp01\/wp-content\/uploads\/2018\/09\/HVW_Kiepenkerl_Berlin.jpg 465w\" sizes=\"auto, (max-width: 199px) 100vw, 199px\" \/><\/a>In der Zeit vom 01. \u2013 03.10.2018 findet in der Bundeshauptstadt Berlin der<br \/>\ndiesj\u00e4hrige \u201eTag der Einheit\u201c statt.<br \/>\nAuf Einladung der Staatskanzlei NRW vertreten u.a. die Eheleute Gudrun und Karl-Heinz Lutz,<br \/>\nals westf\u00e4lische B\u00e4uerin und Kiepenkerl, das M\u00fcnsterland in der Delegation des Bundeslandes NRW.<br \/>\nDas Land NRW pr\u00e4sentiert sich in einem Zelt auf dem \u201ePlatz der Republik\u201c.<br \/>\nZum Tag der Einheit werden ca. eine Million Besucher erwartet.<\/p>\n","protected":false},"excerpt":{"rendered":"<p>In der Zeit vom 01. \u2013 03.10.2018 findet in der Bundeshauptstadt Berlin der diesj\u00e4hrige \u201eTag der Einheit\u201c statt. Auf Einladung der Staatskanzlei NRW vertreten u.a. die Eheleute Gudrun und Karl-Heinz<\/p>\n<p><a href=\"https:\/\/heimatverein-wulfen.de\/wp01\/2018\/09\/30\/wulfener-baeuerin-und-kiepenkerl-vertreten-nrw\/\" class=\"more-link themebutton\">Read More<\/a><\/p>\n","protected":false},"author":6,"featured_media":0,"comment_status":"open","ping_status":"open","sticky":false,"template":"","format":"standard","meta":{"_cbd_carousel_blocks":"[]","footnotes":""},"categories":[25],"tags":[],"class_list":["post-5481","post","type-post","status-publish","format-standard","hentry","category-aktuelles"],"publishpress_future_action":{"enabled":false,"date":"2026-05-07 12:56:58","action":"change-status","newStatus":"draft","terms":[],"taxonomy":"category","extraData":[]},"publishpress_future_workflow_manual_trigger":{"enabledWorkflows":[]},"_links":{"self":[{"href":"https:\/\/heimatverein-wulfen.de\/wp01\/wp-json\/wp\/v2\/posts\/5481","targetHints":{"allow":["GET"]}}],"collection":[{"href":"https:\/\/heimatverein-wulfen.de\/wp01\/wp-json\/wp\/v2\/posts"}],"about":[{"href":"https:\/\/heimatverein-wulfen.de\/wp01\/wp-json\/wp\/v2\/types\/post"}],"author":[{"embeddable":true,"href":"https:\/\/heimatverein-wulfen.de\/wp01\/wp-json\/wp\/v2\/users\/6"}],"replies":[{"embeddable":true,"href":"https:\/\/heimatverein-wulfen.de\/wp01\/wp-json\/wp\/v2\/comments?post=5481"}],"version-history":[{"count":3,"href":"https:\/\/heimatverein-wulfen.de\/wp01\/wp-json\/wp\/v2\/posts\/5481\/revisions"}],"predecessor-version":[{"id":5484,"href":"https:\/\/heimatverein-wulfen.de\/wp01\/wp-json\/wp\/v2\/posts\/5481\/revisions\/5484"}],"wp:attachment":[{"href":"https:\/\/heimatverein-wulfen.de\/wp01\/wp-json\/wp\/v2\/media?parent=5481"}],"wp:term":[{"taxonomy":"category","embeddable":true,"href":"https:\/\/heimatverein-wulfen.de\/wp01\/wp-json\/wp\/v2\/categories?post=5481"},{"taxonomy":"post_tag","embeddable":true,"href":"https:\/\/heimatverein-wulfen.de\/wp01\/wp-json\/wp\/v2\/tags?post=5481"}],"curies":[{"name":"wp","href":"https:\/\/api.w.org\/{rel}","templated":true}]}}