{"id":5954,"date":"2019-05-13T19:47:10","date_gmt":"2019-05-13T17:47:10","guid":{"rendered":"https:\/\/heimatverein-wulfen.de\/wp01\/?p=5954"},"modified":"2021-02-06T21:33:08","modified_gmt":"2021-02-06T20:33:08","slug":"barrierefreiheit-fuer-hoergeschaedigte-infonachmittag-am-26-02-19","status":"publish","type":"post","link":"https:\/\/heimatverein-wulfen.de\/wp01\/2019\/05\/13\/barrierefreiheit-fuer-hoergeschaedigte-infonachmittag-am-26-02-19\/","title":{"rendered":"Barrierefreiheit f\u00fcr H\u00f6rgesch\u00e4digte &#8211; Infonachmittag am 26.02.19"},"content":{"rendered":"\n<div class=\"wp-block-image\"><figure class=\"alignleft\"><a href=\"https:\/\/heimatverein-wulfen.de\/wp01\/wp-content\/uploads\/2019\/02\/elvira_mager_mechthild_lienemann_002.jpg\" rel=\"lightbox[5954]\"><img loading=\"lazy\" decoding=\"async\" width=\"300\" height=\"200\" src=\"https:\/\/heimatverein-wulfen.de\/wp01\/wp-content\/uploads\/2019\/02\/elvira_mager_mechthild_lienemann_002-300x200.jpg\" alt=\"\" class=\"wp-image-5958\" srcset=\"https:\/\/heimatverein-wulfen.de\/wp01\/wp-content\/uploads\/2019\/02\/elvira_mager_mechthild_lienemann_002-300x200.jpg 300w, https:\/\/heimatverein-wulfen.de\/wp01\/wp-content\/uploads\/2019\/02\/elvira_mager_mechthild_lienemann_002-768x511.jpg 768w, https:\/\/heimatverein-wulfen.de\/wp01\/wp-content\/uploads\/2019\/02\/elvira_mager_mechthild_lienemann_002-440x293.jpg 440w, https:\/\/heimatverein-wulfen.de\/wp01\/wp-content\/uploads\/2019\/02\/elvira_mager_mechthild_lienemann_002-480x320.jpg 480w, https:\/\/heimatverein-wulfen.de\/wp01\/wp-content\/uploads\/2019\/02\/elvira_mager_mechthild_lienemann_002-320x213.jpg 320w, https:\/\/heimatverein-wulfen.de\/wp01\/wp-content\/uploads\/2019\/02\/elvira_mager_mechthild_lienemann_002-240x160.jpg 240w, https:\/\/heimatverein-wulfen.de\/wp01\/wp-content\/uploads\/2019\/02\/elvira_mager_mechthild_lienemann_002.jpg 900w\" sizes=\"auto, (max-width: 300px) 100vw, 300px\" \/><\/a><figcaption>Foto: Dorstener Zeitung vom 06.02.2019 <br>Elvira Mager (l.) und Mechthild Lienemann setzen sich f\u00fcr H\u00f6rgesch\u00e4digte ein. <br>\u00a9 Anke Klapsing-Reich<\/figcaption><\/figure><\/div>\n\n\n\n<p class=\"has-medium-font-size\">Beim Wort Barrierefreiheit denken wir vor allem an extra-breite Parkpl\u00e4tze, Rampen f\u00fcr Gehbehinderte und Schilder in Blindenschrift.<strong>Und was wird in Dorsten f\u00fcr H\u00f6rgesch\u00e4digte getan?<\/strong>\nWir wollen am kulturellen und \u00f6ffentlichen Leben teilhaben &#8211; k\u00f6nnen es aber nicht, weil es an technischen Hilfsmitteln fehlt. Dabei lie\u00dfe sich die Situation verbessern: durch Einbau von Induktionsschleifen und FM-Anlagen, wie es sie in vielen St\u00e4dten NRWs schon gibt. So ergibt sich eine win-win-Situation sowohl f\u00fcr die Tr\u00e4ger \u00f6ffentlicher Einrichtungen als auch f\u00fcr potentielle Besucher: sie erreichen eine Gruppe von Menschen, die sch wegen ihres Handicaps zur\u00fcckgezogen hat.\n&nbsp;\n<strong>Diese Hilfsmittel f\u00fcr Schwerh\u00f6rige m\u00f6chten wir Ihnen vorstellen.<\/strong><strong>Dazu laden wir herzlich ein.<\/strong><strong>&nbsp;&nbsp;&nbsp;&nbsp;&nbsp;&nbsp;&nbsp;&nbsp; Termin:&nbsp; 26. Februar, 16.00 Uhr im&nbsp; Seniorentreff,&nbsp; An der Vehme 1, 46282 Dorsten<\/strong><\/p>\n\n\n\n<p class=\"has-medium-font-size\">Wir freuen uns, wenn Sie kommen. \u00a0 Bitte geben Sie eine kurze R\u00fcckmeldung an <strong><a rel=\"noreferrer noopener\" href=\"mailto:elviramager@t-online.de\" target=\"_blank\">elviramager@t-online.de<\/a><\/strong> oder <strong><a rel=\"noreferrer noopener\" href=\"mailto:mechthild.lienemann@gmx.de\" target=\"_blank\">mechthild.lienemann@gmx.de<\/a><\/strong> \u00a0 Mit freundlichen Gr\u00fc\u00dfen \u00a0 Elvira Mager\u00a0\u00a0\u00a0\u00a0\u00a0\u00a0\u00a0\u00a0\u00a0\u00a0\u00a0\u00a0\u00a0 Mechthild Lienemann Sadeckistr. 9\u00a0\u00a0\u00a0\u00a0\u00a0\u00a0\u00a0\u00a0\u00a0\u00a0\u00a0\u00a0\u00a0 Orth\u00f6ver Weg 81 46284 Dorsten\u00a0\u00a0\u00a0\u00a0\u00a0\u00a0\u00a0\u00a0\u00a0 46286 Dorsten \u00a0 Die Informationsveranstaltung hat inzwischen stattgefunden. \u00dcber die Veranstaltung wird u.a. in der Zeitschrift &#8222;CIV NRW News, Ausgabe 1\/2019&#8220; berichtet. Herausgeber dieser Zeitschrift ist der <\/p>\n\n\n\n<p class=\"has-medium-font-size\">Cochlea Implantat Verband<br>Nordrhein-Westfaen e.V.<br>Rosenstra\u00dfe 4<br>58642 Iserlohn<\/p>\n\n\n\n<div class=\"wp-block-image\"><figure class=\"aligncenter\"><a href=\"https:\/\/heimatverein-wulfen.de\/wp01\/wp-content\/uploads\/2019\/05\/Seite_001.jpg\" rel=\"lightbox[5954]\"><img loading=\"lazy\" decoding=\"async\" width=\"660\" height=\"470\" src=\"https:\/\/heimatverein-wulfen.de\/wp01\/wp-content\/uploads\/2019\/05\/Seite_001.jpg\" alt=\"\" class=\"wp-image-6529\" srcset=\"https:\/\/heimatverein-wulfen.de\/wp01\/wp-content\/uploads\/2019\/05\/Seite_001.jpg 660w, https:\/\/heimatverein-wulfen.de\/wp01\/wp-content\/uploads\/2019\/05\/Seite_001-300x214.jpg 300w, https:\/\/heimatverein-wulfen.de\/wp01\/wp-content\/uploads\/2019\/05\/Seite_001-440x313.jpg 440w\" sizes=\"auto, (max-width: 660px) 100vw, 660px\" \/><\/a><\/figure><\/div>\n\n\n\n<div class=\"wp-block-image\"><figure class=\"aligncenter\"><a href=\"https:\/\/heimatverein-wulfen.de\/wp01\/wp-content\/uploads\/2019\/05\/Seite_002.jpg\" rel=\"lightbox[5954]\"><img loading=\"lazy\" decoding=\"async\" width=\"660\" height=\"900\" src=\"https:\/\/heimatverein-wulfen.de\/wp01\/wp-content\/uploads\/2019\/05\/Seite_002.jpg\" alt=\"\" class=\"wp-image-6530\" srcset=\"https:\/\/heimatverein-wulfen.de\/wp01\/wp-content\/uploads\/2019\/05\/Seite_002.jpg 660w, https:\/\/heimatverein-wulfen.de\/wp01\/wp-content\/uploads\/2019\/05\/Seite_002-220x300.jpg 220w, https:\/\/heimatverein-wulfen.de\/wp01\/wp-content\/uploads\/2019\/05\/Seite_002-440x600.jpg 440w\" sizes=\"auto, (max-width: 660px) 100vw, 660px\" \/><\/a><\/figure><\/div>\n\n\n\n<!--more-->\n","protected":false},"excerpt":{"rendered":"<p>Beim Wort Barrierefreiheit denken wir vor allem an extra-breite Parkpl\u00e4tze, Rampen f\u00fcr Gehbehinderte und Schilder in Blindenschrift.Und was wird in Dorsten f\u00fcr H\u00f6rgesch\u00e4digte getan? Wir wollen am kulturellen und \u00f6ffentlichen<\/p>\n<p><a href=\"https:\/\/heimatverein-wulfen.de\/wp01\/2019\/05\/13\/barrierefreiheit-fuer-hoergeschaedigte-infonachmittag-am-26-02-19\/\" class=\"more-link themebutton\">Read More<\/a><\/p>\n","protected":false},"author":6,"featured_media":0,"comment_status":"open","ping_status":"open","sticky":false,"template":"","format":"standard","meta":{"_cbd_carousel_blocks":"[]","footnotes":""},"categories":[25],"tags":[],"class_list":["post-5954","post","type-post","status-publish","format-standard","hentry","category-aktuelles"],"publishpress_future_action":{"enabled":false,"date":"2026-05-07 14:45:28","action":"change-status","newStatus":"draft","terms":[],"taxonomy":"category","extraData":[]},"publishpress_future_workflow_manual_trigger":{"enabledWorkflows":[]},"_links":{"self":[{"href":"https:\/\/heimatverein-wulfen.de\/wp01\/wp-json\/wp\/v2\/posts\/5954","targetHints":{"allow":["GET"]}}],"collection":[{"href":"https:\/\/heimatverein-wulfen.de\/wp01\/wp-json\/wp\/v2\/posts"}],"about":[{"href":"https:\/\/heimatverein-wulfen.de\/wp01\/wp-json\/wp\/v2\/types\/post"}],"author":[{"embeddable":true,"href":"https:\/\/heimatverein-wulfen.de\/wp01\/wp-json\/wp\/v2\/users\/6"}],"replies":[{"embeddable":true,"href":"https:\/\/heimatverein-wulfen.de\/wp01\/wp-json\/wp\/v2\/comments?post=5954"}],"version-history":[{"count":10,"href":"https:\/\/heimatverein-wulfen.de\/wp01\/wp-json\/wp\/v2\/posts\/5954\/revisions"}],"predecessor-version":[{"id":8135,"href":"https:\/\/heimatverein-wulfen.de\/wp01\/wp-json\/wp\/v2\/posts\/5954\/revisions\/8135"}],"wp:attachment":[{"href":"https:\/\/heimatverein-wulfen.de\/wp01\/wp-json\/wp\/v2\/media?parent=5954"}],"wp:term":[{"taxonomy":"category","embeddable":true,"href":"https:\/\/heimatverein-wulfen.de\/wp01\/wp-json\/wp\/v2\/categories?post=5954"},{"taxonomy":"post_tag","embeddable":true,"href":"https:\/\/heimatverein-wulfen.de\/wp01\/wp-json\/wp\/v2\/tags?post=5954"}],"curies":[{"name":"wp","href":"https:\/\/api.w.org\/{rel}","templated":true}]}}