{"id":6203,"date":"2019-02-15T07:57:02","date_gmt":"2019-02-15T06:57:02","guid":{"rendered":"https:\/\/heimatverein-wulfen.de\/wp01\/?p=6203"},"modified":"2021-02-06T21:48:32","modified_gmt":"2021-02-06T20:48:32","slug":"gedankenaustausch-mit-zeitzeugen-vi","status":"publish","type":"post","link":"https:\/\/heimatverein-wulfen.de\/wp01\/2019\/02\/15\/gedankenaustausch-mit-zeitzeugen-vi\/","title":{"rendered":"Gedankenaustausch mit Zeitzeugen VI"},"content":{"rendered":"\n<div class=\"wp-block-image\"><figure class=\"alignleft\"><a href=\"https:\/\/heimatverein-wulfen.de\/wp01\/wp-content\/uploads\/2019\/02\/Plakat_2019.jpg\" rel=\"lightbox[6203]\"><img loading=\"lazy\" decoding=\"async\" width=\"212\" height=\"300\" src=\"https:\/\/heimatverein-wulfen.de\/wp01\/wp-content\/uploads\/2019\/02\/Plakat_2019-212x300.jpg\" alt=\"\" class=\"wp-image-6202\" srcset=\"https:\/\/heimatverein-wulfen.de\/wp01\/wp-content\/uploads\/2019\/02\/Plakat_2019-212x300.jpg 212w, https:\/\/heimatverein-wulfen.de\/wp01\/wp-content\/uploads\/2019\/02\/Plakat_2019-768x1087.jpg 768w, https:\/\/heimatverein-wulfen.de\/wp01\/wp-content\/uploads\/2019\/02\/Plakat_2019-724x1024.jpg 724w, https:\/\/heimatverein-wulfen.de\/wp01\/wp-content\/uploads\/2019\/02\/Plakat_2019-440x623.jpg 440w, https:\/\/heimatverein-wulfen.de\/wp01\/wp-content\/uploads\/2019\/02\/Plakat_2019.jpg 793w\" sizes=\"auto, (max-width: 212px) 100vw, 212px\" \/><\/a><\/figure><\/div>\n\n\n\n<p class=\"has-medium-font-size\">Der Heimatverein Wulfen ist st\u00e4ndig auf der Suche nach Fotoaufnahmen, sowie Schilderungen \u00f6rtlicher Geschehnisse von Zeitzeugen, aus Wulfen und Umgebung.<\/p>\n\n\n\n<p class=\"has-medium-font-size\">Die Geschichtsgruppe des Heimatverein Wulfen l\u00e4dt erneut&nbsp; Zeitzeugen zu einem Gedankenaustausch<\/p>\n\n\n\n<p class=\"has-medium-font-size\"><strong>am Samstag dem 23.02.2019<\/strong><\/p>\n\n\n\n<p class=\"has-medium-font-size\"><strong>um 14:30 Uhr<\/strong><\/p>\n\n\n\n<p class=\"has-medium-font-size\"><strong>ins Heimathaus Wulfen, Rh\u00f6nweg 11<\/strong><\/p>\n\n\n\n<p>ein.<\/p>\n\n\n\n<!--more-->\n\n\n\n<p class=\"has-medium-font-size\">Bei Kaffee und Geb\u00e4ck werden Wulfener Motive wie Portr\u00e4ts und Familienfotos, Fest- und Vereinsaufnahmen, Stra\u00dfenszenen und Landschaftsaufnahmen gezeigt und besprochen.<\/p>\n\n\n\n<p class=\"has-medium-font-size\">Die Schilderungen und Bildzeugnisse dokumentieren anschaulich den Wandel der Lebensverh\u00e4ltnisse in Wulfen.<\/p>\n\n\n\n<p class=\"has-medium-font-size\">Viele Wulfener Familien haben dem Heimatverein Wulfen in den vergangenen Jahren &nbsp;alte Fotoaufnahmen zur Verf\u00fcgung gestellt. Diese wurden gescannt und den jeweiligen Familien &nbsp;zur\u00fcckgegeben.<\/p>\n\n\n\n<p class=\"has-medium-font-size\">Fotoaufnahmen<\/p>\n\n\n\n<p class=\"has-medium-font-size\">&#8211; &nbsp;&nbsp;&nbsp;&nbsp;&nbsp;&nbsp;&nbsp;&nbsp;&nbsp; des neuen Stadtteils Barkenberg,<br>&#8211;&nbsp;&nbsp;&nbsp;&nbsp;&nbsp;&nbsp;&nbsp;&nbsp;&nbsp;&nbsp; ehemaliger Wulfener B\u00fcrgerinnen und B\u00fcrger,<br>&#8211;&nbsp;&nbsp;&nbsp;&nbsp;&nbsp;&nbsp;&nbsp;&nbsp;&nbsp;&nbsp; aus den Wulfener Nachbarschaften,<br>&#8211;&nbsp;&nbsp;&nbsp;&nbsp;&nbsp;&nbsp;&nbsp;&nbsp;&nbsp;&nbsp; ehemaliger Wulfener Gastst\u00e4tten,<br>&#8211;&nbsp;&nbsp;&nbsp;&nbsp;&nbsp;&nbsp;&nbsp;&nbsp;&nbsp;&nbsp; aus klein- und mittelst\u00e4ndischen Wulfener Betrieben,<br>&#8211;&nbsp;&nbsp;&nbsp;&nbsp;&nbsp;&nbsp;&nbsp;&nbsp;&nbsp;&nbsp; der Rose-Brauerei,<br>&#8211;&nbsp;&nbsp;&nbsp;&nbsp;&nbsp;&nbsp;&nbsp;&nbsp;&nbsp;&nbsp; der MUNA,<br>&#8211;&nbsp;&nbsp;&nbsp;&nbsp;&nbsp;&nbsp;&nbsp;&nbsp;&nbsp;&nbsp; Wulfener Wegkreuze,<br>&#8211;&nbsp;&nbsp;&nbsp;&nbsp;&nbsp;&nbsp;&nbsp;&nbsp;&nbsp;&nbsp; aus dem Vereinsleben Wulfener Vereine,<br>&#8211;&nbsp;&nbsp;&nbsp;&nbsp;&nbsp;&nbsp;&nbsp;&nbsp;&nbsp;&nbsp; des ehemaligen Hofes Holtkamp<\/p>\n\n\n\n<p class=\"has-medium-font-size\">und weitere befinden sich inzwischen im Bildfundus des Heimatvereins.<\/p>\n\n\n\n<p class=\"has-medium-font-size\">Besonders gesucht werden noch immer Fotoaufnahmen des ehemaligen Friedhofes Hervester Stra\u00dfe \/ Ecke Im Wauert, Fotoaufnahmen des Bahnhofs Wulfen sowie Fotoaufnahmen des alten Feuerwehrger\u00e4tehauses Wittenbrink.<\/p>\n","protected":false},"excerpt":{"rendered":"<p>Der Heimatverein Wulfen ist st\u00e4ndig auf der Suche nach Fotoaufnahmen, sowie Schilderungen \u00f6rtlicher Geschehnisse von Zeitzeugen, aus Wulfen und Umgebung. Die Geschichtsgruppe des Heimatverein Wulfen l\u00e4dt erneut&nbsp; Zeitzeugen zu einem<\/p>\n<p><a href=\"https:\/\/heimatverein-wulfen.de\/wp01\/2019\/02\/15\/gedankenaustausch-mit-zeitzeugen-vi\/\" class=\"more-link themebutton\">Read More<\/a><\/p>\n","protected":false},"author":6,"featured_media":0,"comment_status":"open","ping_status":"open","sticky":false,"template":"","format":"standard","meta":{"_cbd_carousel_blocks":"[]","footnotes":""},"categories":[25],"tags":[],"class_list":["post-6203","post","type-post","status-publish","format-standard","hentry","category-aktuelles"],"publishpress_future_action":{"enabled":false,"date":"2026-05-07 04:20:53","action":"change-status","newStatus":"draft","terms":[],"taxonomy":"category","extraData":[]},"publishpress_future_workflow_manual_trigger":{"enabledWorkflows":[]},"_links":{"self":[{"href":"https:\/\/heimatverein-wulfen.de\/wp01\/wp-json\/wp\/v2\/posts\/6203","targetHints":{"allow":["GET"]}}],"collection":[{"href":"https:\/\/heimatverein-wulfen.de\/wp01\/wp-json\/wp\/v2\/posts"}],"about":[{"href":"https:\/\/heimatverein-wulfen.de\/wp01\/wp-json\/wp\/v2\/types\/post"}],"author":[{"embeddable":true,"href":"https:\/\/heimatverein-wulfen.de\/wp01\/wp-json\/wp\/v2\/users\/6"}],"replies":[{"embeddable":true,"href":"https:\/\/heimatverein-wulfen.de\/wp01\/wp-json\/wp\/v2\/comments?post=6203"}],"version-history":[{"count":3,"href":"https:\/\/heimatverein-wulfen.de\/wp01\/wp-json\/wp\/v2\/posts\/6203\/revisions"}],"predecessor-version":[{"id":8141,"href":"https:\/\/heimatverein-wulfen.de\/wp01\/wp-json\/wp\/v2\/posts\/6203\/revisions\/8141"}],"wp:attachment":[{"href":"https:\/\/heimatverein-wulfen.de\/wp01\/wp-json\/wp\/v2\/media?parent=6203"}],"wp:term":[{"taxonomy":"category","embeddable":true,"href":"https:\/\/heimatverein-wulfen.de\/wp01\/wp-json\/wp\/v2\/categories?post=6203"},{"taxonomy":"post_tag","embeddable":true,"href":"https:\/\/heimatverein-wulfen.de\/wp01\/wp-json\/wp\/v2\/tags?post=6203"}],"curies":[{"name":"wp","href":"https:\/\/api.w.org\/{rel}","templated":true}]}}