{"id":6667,"date":"2019-06-28T13:42:37","date_gmt":"2019-06-28T11:42:37","guid":{"rendered":"https:\/\/heimatverein-wulfen.de\/wp01\/?p=6667"},"modified":"2021-02-06T21:27:59","modified_gmt":"2021-02-06T20:27:59","slug":"dank-der-wulfener-throngemeinschaft-2017-2019","status":"publish","type":"post","link":"https:\/\/heimatverein-wulfen.de\/wp01\/2019\/06\/28\/dank-der-wulfener-throngemeinschaft-2017-2019\/","title":{"rendered":"Dank der Wulfener Throngemeinschaft 2017 \/ 2019"},"content":{"rendered":"\n<p class=\"has-medium-font-size\">\n\n\n\n\n\n\n\n\n\n\n\n\n\n\n\n\n\nWir\ndanken unseren Mitgliedern,<br>\nK\u00f6nigin Pia Stein und K\u00f6nig Dominik Cieplak,<br>\nEhrendamen Edda Cieplak, Monika Hoinkis und<br>\nCharlotte Pielsticker<br>\nsowie den Ministern Torben Beyhoff, Christian Hoinkis und Stefan Stein f\u00fcr die\nzweij\u00e4hrige wunderbare Regentschaft in Wulfen!\n\n\n\n<\/p>\n\n\n\n<div class=\"wp-block-image\"><figure class=\"aligncenter\"><a href=\"https:\/\/heimatverein-wulfen.de\/wp01\/wp-content\/uploads\/2019\/06\/Thron_2017_2018_001.jpg\" rel=\"lightbox[6667]\"><img loading=\"lazy\" decoding=\"async\" width=\"700\" height=\"465\" src=\"https:\/\/heimatverein-wulfen.de\/wp01\/wp-content\/uploads\/2019\/06\/Thron_2017_2018_001.jpg\" alt=\"\" class=\"wp-image-6668\" srcset=\"https:\/\/heimatverein-wulfen.de\/wp01\/wp-content\/uploads\/2019\/06\/Thron_2017_2018_001.jpg 700w, https:\/\/heimatverein-wulfen.de\/wp01\/wp-content\/uploads\/2019\/06\/Thron_2017_2018_001-300x199.jpg 300w, https:\/\/heimatverein-wulfen.de\/wp01\/wp-content\/uploads\/2019\/06\/Thron_2017_2018_001-440x292.jpg 440w, https:\/\/heimatverein-wulfen.de\/wp01\/wp-content\/uploads\/2019\/06\/Thron_2017_2018_001-480x320.jpg 480w, https:\/\/heimatverein-wulfen.de\/wp01\/wp-content\/uploads\/2019\/06\/Thron_2017_2018_001-320x213.jpg 320w, https:\/\/heimatverein-wulfen.de\/wp01\/wp-content\/uploads\/2019\/06\/Thron_2017_2018_001-240x160.jpg 240w\" sizes=\"auto, (max-width: 700px) 100vw, 700px\" \/><\/a><figcaption><br><\/figcaption><\/figure><\/div>\n\n\n\n<div class=\"wp-block-image\"><figure class=\"alignleft is-resized\"><a href=\"https:\/\/heimatverein-wulfen.de\/wp01\/wp-content\/uploads\/2019\/06\/Thron_2017_2018_002.jpg\" rel=\"lightbox[6667]\"><img loading=\"lazy\" decoding=\"async\" src=\"https:\/\/heimatverein-wulfen.de\/wp01\/wp-content\/uploads\/2019\/06\/Thron_2017_2018_002.jpg\" alt=\"\" class=\"wp-image-6669\" width=\"350\" height=\"233\" srcset=\"https:\/\/heimatverein-wulfen.de\/wp01\/wp-content\/uploads\/2019\/06\/Thron_2017_2018_002.jpg 700w, https:\/\/heimatverein-wulfen.de\/wp01\/wp-content\/uploads\/2019\/06\/Thron_2017_2018_002-300x199.jpg 300w, https:\/\/heimatverein-wulfen.de\/wp01\/wp-content\/uploads\/2019\/06\/Thron_2017_2018_002-440x292.jpg 440w, https:\/\/heimatverein-wulfen.de\/wp01\/wp-content\/uploads\/2019\/06\/Thron_2017_2018_002-480x320.jpg 480w, https:\/\/heimatverein-wulfen.de\/wp01\/wp-content\/uploads\/2019\/06\/Thron_2017_2018_002-320x213.jpg 320w, https:\/\/heimatverein-wulfen.de\/wp01\/wp-content\/uploads\/2019\/06\/Thron_2017_2018_002-240x160.jpg 240w\" sizes=\"auto, (max-width: 350px) 100vw, 350px\" \/><\/a><\/figure><\/div>\n\n\n\n<div class=\"wp-block-image\"><figure class=\"alignleft is-resized\"><a href=\"https:\/\/heimatverein-wulfen.de\/wp01\/wp-content\/uploads\/2019\/06\/Thron_2017_2018_003.jpg\" rel=\"lightbox[6667]\"><img loading=\"lazy\" decoding=\"async\" src=\"https:\/\/heimatverein-wulfen.de\/wp01\/wp-content\/uploads\/2019\/06\/Thron_2017_2018_003.jpg\" alt=\"\" class=\"wp-image-6670\" width=\"350\" height=\"233\" srcset=\"https:\/\/heimatverein-wulfen.de\/wp01\/wp-content\/uploads\/2019\/06\/Thron_2017_2018_003.jpg 700w, https:\/\/heimatverein-wulfen.de\/wp01\/wp-content\/uploads\/2019\/06\/Thron_2017_2018_003-300x199.jpg 300w, https:\/\/heimatverein-wulfen.de\/wp01\/wp-content\/uploads\/2019\/06\/Thron_2017_2018_003-440x292.jpg 440w, https:\/\/heimatverein-wulfen.de\/wp01\/wp-content\/uploads\/2019\/06\/Thron_2017_2018_003-480x320.jpg 480w, https:\/\/heimatverein-wulfen.de\/wp01\/wp-content\/uploads\/2019\/06\/Thron_2017_2018_003-320x213.jpg 320w, https:\/\/heimatverein-wulfen.de\/wp01\/wp-content\/uploads\/2019\/06\/Thron_2017_2018_003-240x160.jpg 240w\" sizes=\"auto, (max-width: 350px) 100vw, 350px\" \/><\/a><\/figure><\/div>\n\n\n\n<div class=\"wp-block-image\"><figure class=\"alignleft is-resized\"><a href=\"https:\/\/heimatverein-wulfen.de\/wp01\/2019\/06\/28\/dank-der-wulfener-throngemeinschaft-2017-2019\/thron_2017_2018_004\/#main\"><img loading=\"lazy\" decoding=\"async\" src=\"https:\/\/heimatverein-wulfen.de\/wp01\/wp-content\/uploads\/2019\/06\/Thron_2017_2018_004.jpg\" alt=\"\" class=\"wp-image-6671\" width=\"350\" height=\"233\" srcset=\"https:\/\/heimatverein-wulfen.de\/wp01\/wp-content\/uploads\/2019\/06\/Thron_2017_2018_004.jpg 700w, https:\/\/heimatverein-wulfen.de\/wp01\/wp-content\/uploads\/2019\/06\/Thron_2017_2018_004-300x199.jpg 300w, https:\/\/heimatverein-wulfen.de\/wp01\/wp-content\/uploads\/2019\/06\/Thron_2017_2018_004-440x292.jpg 440w, https:\/\/heimatverein-wulfen.de\/wp01\/wp-content\/uploads\/2019\/06\/Thron_2017_2018_004-480x320.jpg 480w, https:\/\/heimatverein-wulfen.de\/wp01\/wp-content\/uploads\/2019\/06\/Thron_2017_2018_004-320x213.jpg 320w, https:\/\/heimatverein-wulfen.de\/wp01\/wp-content\/uploads\/2019\/06\/Thron_2017_2018_004-240x160.jpg 240w\" sizes=\"auto, (max-width: 350px) 100vw, 350px\" \/><\/a><\/figure><\/div>\n\n\n\n<div class=\"wp-block-image\"><figure class=\"alignleft is-resized\"><a href=\"https:\/\/heimatverein-wulfen.de\/wp01\/wp-content\/uploads\/2019\/06\/Thron_2017_2018_005.jpg\" rel=\"lightbox[6667]\"><img loading=\"lazy\" decoding=\"async\" src=\"https:\/\/heimatverein-wulfen.de\/wp01\/wp-content\/uploads\/2019\/06\/Thron_2017_2018_005.jpg\" alt=\"\" class=\"wp-image-6672\" width=\"350\" height=\"233\" srcset=\"https:\/\/heimatverein-wulfen.de\/wp01\/wp-content\/uploads\/2019\/06\/Thron_2017_2018_005.jpg 700w, https:\/\/heimatverein-wulfen.de\/wp01\/wp-content\/uploads\/2019\/06\/Thron_2017_2018_005-300x199.jpg 300w, https:\/\/heimatverein-wulfen.de\/wp01\/wp-content\/uploads\/2019\/06\/Thron_2017_2018_005-440x292.jpg 440w, https:\/\/heimatverein-wulfen.de\/wp01\/wp-content\/uploads\/2019\/06\/Thron_2017_2018_005-480x320.jpg 480w, https:\/\/heimatverein-wulfen.de\/wp01\/wp-content\/uploads\/2019\/06\/Thron_2017_2018_005-320x213.jpg 320w, https:\/\/heimatverein-wulfen.de\/wp01\/wp-content\/uploads\/2019\/06\/Thron_2017_2018_005-240x160.jpg 240w\" sizes=\"auto, (max-width: 350px) 100vw, 350px\" \/><\/a><\/figure><\/div>\n\n\n\n<div class=\"wp-block-image\"><figure class=\"alignleft is-resized\"><img loading=\"lazy\" decoding=\"async\" src=\"https:\/\/heimatverein-wulfen.de\/wp01\/wp-content\/uploads\/2019\/06\/Thron_2017_2018_006.jpg\" alt=\"\" class=\"wp-image-6673\" width=\"350\" height=\"233\" srcset=\"https:\/\/heimatverein-wulfen.de\/wp01\/wp-content\/uploads\/2019\/06\/Thron_2017_2018_006.jpg 700w, https:\/\/heimatverein-wulfen.de\/wp01\/wp-content\/uploads\/2019\/06\/Thron_2017_2018_006-300x199.jpg 300w, https:\/\/heimatverein-wulfen.de\/wp01\/wp-content\/uploads\/2019\/06\/Thron_2017_2018_006-440x292.jpg 440w, https:\/\/heimatverein-wulfen.de\/wp01\/wp-content\/uploads\/2019\/06\/Thron_2017_2018_006-480x320.jpg 480w, https:\/\/heimatverein-wulfen.de\/wp01\/wp-content\/uploads\/2019\/06\/Thron_2017_2018_006-320x213.jpg 320w, https:\/\/heimatverein-wulfen.de\/wp01\/wp-content\/uploads\/2019\/06\/Thron_2017_2018_006-240x160.jpg 240w\" sizes=\"auto, (max-width: 350px) 100vw, 350px\" \/><\/figure><\/div>\n\n\n\n<p class=\"has-text-align-left has-medium-font-size\">\u00dcber folgende LINKS k\u00f6nnen Aps zum B\u00fcrgersch\u00fctzenfest 2019 heruntergeladen werden:<br><a href=\"https:\/\/heimatverein-wulfen.de\/wp01\/wp-content\/uploads\/2019\/06\/001_Vorfreude-1.mp4\">&#8211; Vorfreude<\/a><br><a href=\"https:\/\/heimatverein-wulfen.de\/wp01\/wp-content\/uploads\/2019\/06\/002_Programm.mp4\">&#8211; Programm<\/a><br><a href=\"https:\/\/heimatverein-wulfen.de\/wp01\/wp-content\/uploads\/2019\/06\/003_Vereinsfahnen.mp4\">&#8211; Vereinsfahnen<\/a><br><a href=\"https:\/\/heimatverein-wulfen.de\/wp01\/wp-content\/uploads\/2019\/06\/004_Wuerdentraeger.mp4\">&#8211; W\u00fcrdentr\u00e4ger<\/a><br><a href=\"https:\/\/heimatverein-wulfen.de\/wp01\/wp-content\/uploads\/2019\/06\/005_Ehrenmal.mp4\">&#8211; Ehrenmal<\/a><br><a href=\"https:\/\/heimatverein-wulfen.de\/wp01\/wp-content\/uploads\/2019\/06\/006_Kranzniederlegung.mp4\">&#8211; Kranzniederlegung<\/a><br><a href=\"https:\/\/heimatverein-wulfen.de\/wp01\/wp-content\/uploads\/2019\/06\/007_Zapfenstreich.mp4\">&#8211; Zapfenstreich<\/a><br><a href=\"https:\/\/heimatverein-wulfen.de\/wp01\/wp-content\/uploads\/2019\/06\/008_Dank_an_Throngemeinschaft.mp4\">&#8211; Dank an Throngemeinschaft<\/a><br><a href=\"https:\/\/heimatverein-wulfen.de\/wp01\/wp-content\/uploads\/2019\/06\/009_Vogel.mp4\">&#8211; Vogel<\/a><br><\/p>\n","protected":false},"excerpt":{"rendered":"<p>Wir danken unseren Mitgliedern, K\u00f6nigin Pia Stein und K\u00f6nig Dominik Cieplak, Ehrendamen Edda Cieplak, Monika Hoinkis und Charlotte Pielsticker sowie den Ministern Torben Beyhoff, Christian Hoinkis und Stefan Stein f\u00fcr<\/p>\n<p><a href=\"https:\/\/heimatverein-wulfen.de\/wp01\/2019\/06\/28\/dank-der-wulfener-throngemeinschaft-2017-2019\/\" class=\"more-link themebutton\">Read More<\/a><\/p>\n","protected":false},"author":6,"featured_media":0,"comment_status":"open","ping_status":"open","sticky":false,"template":"","format":"standard","meta":{"_cbd_carousel_blocks":"[]","footnotes":""},"categories":[25],"tags":[],"class_list":["post-6667","post","type-post","status-publish","format-standard","hentry","category-aktuelles"],"publishpress_future_action":{"enabled":false,"date":"2026-05-08 19:04:14","action":"change-status","newStatus":"draft","terms":[],"taxonomy":"category","extraData":[]},"publishpress_future_workflow_manual_trigger":{"enabledWorkflows":[]},"_links":{"self":[{"href":"https:\/\/heimatverein-wulfen.de\/wp01\/wp-json\/wp\/v2\/posts\/6667","targetHints":{"allow":["GET"]}}],"collection":[{"href":"https:\/\/heimatverein-wulfen.de\/wp01\/wp-json\/wp\/v2\/posts"}],"about":[{"href":"https:\/\/heimatverein-wulfen.de\/wp01\/wp-json\/wp\/v2\/types\/post"}],"author":[{"embeddable":true,"href":"https:\/\/heimatverein-wulfen.de\/wp01\/wp-json\/wp\/v2\/users\/6"}],"replies":[{"embeddable":true,"href":"https:\/\/heimatverein-wulfen.de\/wp01\/wp-json\/wp\/v2\/comments?post=6667"}],"version-history":[{"count":18,"href":"https:\/\/heimatverein-wulfen.de\/wp01\/wp-json\/wp\/v2\/posts\/6667\/revisions"}],"predecessor-version":[{"id":8133,"href":"https:\/\/heimatverein-wulfen.de\/wp01\/wp-json\/wp\/v2\/posts\/6667\/revisions\/8133"}],"wp:attachment":[{"href":"https:\/\/heimatverein-wulfen.de\/wp01\/wp-json\/wp\/v2\/media?parent=6667"}],"wp:term":[{"taxonomy":"category","embeddable":true,"href":"https:\/\/heimatverein-wulfen.de\/wp01\/wp-json\/wp\/v2\/categories?post=6667"},{"taxonomy":"post_tag","embeddable":true,"href":"https:\/\/heimatverein-wulfen.de\/wp01\/wp-json\/wp\/v2\/tags?post=6667"}],"curies":[{"name":"wp","href":"https:\/\/api.w.org\/{rel}","templated":true}]}}