{"id":8963,"date":"2022-06-24T11:31:00","date_gmt":"2022-06-24T09:31:00","guid":{"rendered":"https:\/\/heimatverein-wulfen.de\/wp01\/?p=8963"},"modified":"2022-07-04T00:51:16","modified_gmt":"2022-07-03T22:51:16","slug":"jahreshauptversammlung-2022","status":"publish","type":"post","link":"https:\/\/heimatverein-wulfen.de\/wp01\/2022\/06\/24\/jahreshauptversammlung-2022\/","title":{"rendered":"Jahreshauptversammlung 2022; Heimatverein ehrt Voritzenden Johannes Kr\u00fcmpel"},"content":{"rendered":"<div class=\"wp-block-image\">\n<figure class=\"alignleft size-full is-resized\"><a href=\"https:\/\/heimatverein-wulfen.de\/wp01\/wp-content\/uploads\/2022\/07\/HVW_Urkunde_Kruempel_2022.jpg\" rel=\"lightbox[8963]\"><img loading=\"lazy\" decoding=\"async\" src=\"https:\/\/heimatverein-wulfen.de\/wp01\/wp-content\/uploads\/2022\/07\/HVW_Urkunde_Kruempel_2022.jpg\" alt=\"\" class=\"wp-image-8985\" width=\"318\" height=\"450\" srcset=\"https:\/\/heimatverein-wulfen.de\/wp01\/wp-content\/uploads\/2022\/07\/HVW_Urkunde_Kruempel_2022.jpg 636w, https:\/\/heimatverein-wulfen.de\/wp01\/wp-content\/uploads\/2022\/07\/HVW_Urkunde_Kruempel_2022-212x300.jpg 212w\" sizes=\"auto, (max-width: 318px) 100vw, 318px\" \/><\/a><\/figure>\n<\/div>\n\n\n<p class=\"has-medium-font-size\">Der Heimatverein hatte am Freitag dem 24.06.2022 zur Jahreshauptversammlung 2022 geladen. Der Vorsitzende Johannes Kr\u00fcmpel freute sich \u00fcber 76 erschienene Mitglieder und bedankte sich bei ihnen f\u00fcr die geleistete Arbeit und die vielen Aktivit\u00e4ten im abgelaufenen Jahr 2021.<br><br>Elli Vadder verlas die Namen der im Jahr 2021 verstorbenen Mitglieder. Die Teilnehmer der Versammlung erhoben sich von den Pl\u00e4tzen und gedachten ihrer.<br><br>F\u00fcr den erkrankten Gesch\u00e4ftsf\u00fchrer Martin Huthmacher verlas der zweite Gesch\u00e4ftsf\u00fchrer Dr. Ulrich Guthoff den Gesch\u00e4ftsbericht f\u00fcr 2021 und lies die zahlreichen Aktivit\u00e4ten noch einmal Revue passieren. Er berichtete, dass dem Verein z.Zt. 1.162 Mitglieder angeh\u00f6ren. Im Anschluss berichteten die jeweiligen Gruppensprecher(innen), der 16 unterschiedlichen Vereinsgruppen, \u00fcber ihre Arbeit.<br><br>Sabine Wanning, Kassiererin, berichtete \u00fcber den Kassenbestand des Vereins und erl\u00e4uterte die Einnahmen und Ausgaben des vergangenen Gesch\u00e4ftsjahres.<br>Die Revisoren berichteten den Teilnehmern von einer hervorragend gef\u00fchrten Vereinskasse. Tobias Bernsmann schlug der Versammlung die Entlastung der Kassiererin und des gesamten Vorstandes vor. Diesem Vorschlag wurde einstimmig gefolgt.<\/p>\n\n\n\n<p class=\"has-medium-font-size\">Die Versammlung w\u00e4hlte anschlie\u00dfend<br>&#8211; Elli Vadder zur zweiten Vorsitzenden (Wiederwahl),<br>&#8211; Dr. Ulrich Guthoff zum zweiten Gesch\u00e4ftsf\u00fchrer (Wiederwahl),<br>&#8211; Ursula Plumpe zur Beisitzerin (Wiederwahl) und<br>&#8211; Patrick Duwenbeck zum Beisitzer.<br>&#8211; Michael Meierhoff f\u00fcr zwei Jahre zum neuen Kassenpr\u00fcfer.<br>Der Kassenpr\u00fcfer Erich Erfk\u00e4mper bleibt ein weiteres Jahr im Amt.<br>Norbert Mergen schied turnusgem\u00e4\u00df aus dem Amt eines Revisors aus.<br>&#8211; Die Position eines zweiten Kassierers bleibt bis auf weiteres vakant.<br><br>Johannes Kr\u00fcmpel bedankte sich bei den ausscheidenden Mitgliedern des Vorstandes, Detlev M\u00fcller und Klaus Wondorf, f\u00fcr die geleistete Arbeit im Vorstand und \u00fcberreichte als Dankesch\u00f6n ein Pr\u00e4sent.<br><br>Johannes Kr\u00fcmpel gab den Hinweis, dass am Sonntag dem 14.08.2022 auf dem Vereinsgel\u00e4ndes eine gro\u00dfe Fr\u00fchst\u00fcckstafel stattfindet. Anmeldungen sind m\u00f6glich bei Werner Gohmann oder Martin Huthmacher.<br>In der Zeit vom 15.09. \u2013 18.09.2022 feiert der Heimatverein Wulfen sein 100j\u00e4hriges Bestehen. Der Vorsitzende gab Hinweise zum geplanten Ablauf des Festes. Diese wurden diskutiert.<br><br>Das neu gew\u00e4hlte Vorstandsmitglied Patrick Duwenbeck gab bekannt, das der Heimatverein Wulfen inzwischen auch in den sozialen Medien zu finden ist und bei \u201eInstagramm\u201c und \u201eFacebook\u201c entsprechende Auftritte eingerichtet wurden.<br><br>Zum Abschluss der Jahreshauptversammlung ehrte die zweite Vorsitzende des Vereins, Elli Vadder,<br>Johannes Kr\u00fcmpel f\u00fcr 25 j\u00e4hrige Mitgliedschaft im Vorstand und f\u00fcr 20 j\u00e4hrige T\u00e4tigkeit als Vorsitzender. Sie erl\u00e4uterte den Teilnehmern die ungez\u00e4hlten Aktivit\u00e4ten des Vorsitzenden, hob seine Verdienste um die Fertigstellung des Heimathauses besonders hervor. Im Namen der Mitglieder und des Vorstandes \u00fcberreichte sie eine Urkunde und ein Pr\u00e4sent.<br>Fotos: Christian Gruber<\/p>\n\n\n\n<figure class=\"wp-block-gallery has-nested-images columns-default is-cropped wp-block-gallery-1 is-layout-flex wp-block-gallery-is-layout-flex\">\n<figure class=\"wp-block-image size-large\"><a href=\"https:\/\/heimatverein-wulfen.de\/wp01\/wp-content\/uploads\/2022\/07\/HVW_JHV_2022_001.jpg\" rel=\"lightbox[8963]\"><img loading=\"lazy\" decoding=\"async\" width=\"700\" height=\"392\" data-id=\"8976\" src=\"https:\/\/heimatverein-wulfen.de\/wp01\/wp-content\/uploads\/2022\/07\/HVW_JHV_2022_001.jpg\" alt=\"\" class=\"wp-image-8976\" srcset=\"https:\/\/heimatverein-wulfen.de\/wp01\/wp-content\/uploads\/2022\/07\/HVW_JHV_2022_001.jpg 700w, https:\/\/heimatverein-wulfen.de\/wp01\/wp-content\/uploads\/2022\/07\/HVW_JHV_2022_001-300x168.jpg 300w\" sizes=\"auto, (max-width: 700px) 100vw, 700px\" \/><\/a><\/figure>\n\n\n\n<figure class=\"wp-block-image size-large\"><a href=\"https:\/\/heimatverein-wulfen.de\/wp01\/wp-content\/uploads\/2022\/07\/HVW_JHV_2022_002.jpg\" rel=\"lightbox[8963]\"><img loading=\"lazy\" decoding=\"async\" width=\"700\" height=\"392\" data-id=\"8977\" src=\"https:\/\/heimatverein-wulfen.de\/wp01\/wp-content\/uploads\/2022\/07\/HVW_JHV_2022_002.jpg\" alt=\"\" class=\"wp-image-8977\" srcset=\"https:\/\/heimatverein-wulfen.de\/wp01\/wp-content\/uploads\/2022\/07\/HVW_JHV_2022_002.jpg 700w, https:\/\/heimatverein-wulfen.de\/wp01\/wp-content\/uploads\/2022\/07\/HVW_JHV_2022_002-300x168.jpg 300w\" sizes=\"auto, (max-width: 700px) 100vw, 700px\" \/><\/a><\/figure>\n\n\n\n<figure class=\"wp-block-image size-large\"><a href=\"https:\/\/heimatverein-wulfen.de\/wp01\/wp-content\/uploads\/2022\/07\/HVW_JHV_2022_003.jpg\" rel=\"lightbox[8963]\"><img loading=\"lazy\" decoding=\"async\" width=\"700\" height=\"392\" data-id=\"8973\" src=\"https:\/\/heimatverein-wulfen.de\/wp01\/wp-content\/uploads\/2022\/07\/HVW_JHV_2022_003.jpg\" alt=\"\" class=\"wp-image-8973\" srcset=\"https:\/\/heimatverein-wulfen.de\/wp01\/wp-content\/uploads\/2022\/07\/HVW_JHV_2022_003.jpg 700w, https:\/\/heimatverein-wulfen.de\/wp01\/wp-content\/uploads\/2022\/07\/HVW_JHV_2022_003-300x168.jpg 300w\" sizes=\"auto, (max-width: 700px) 100vw, 700px\" \/><\/a><\/figure>\n\n\n\n<figure class=\"wp-block-image size-large\"><a href=\"https:\/\/heimatverein-wulfen.de\/wp01\/wp-content\/uploads\/2022\/07\/HVW_JHV_2022_004.jpg\" rel=\"lightbox[8963]\"><img loading=\"lazy\" decoding=\"async\" width=\"700\" height=\"392\" data-id=\"8975\" src=\"https:\/\/heimatverein-wulfen.de\/wp01\/wp-content\/uploads\/2022\/07\/HVW_JHV_2022_004.jpg\" alt=\"\" class=\"wp-image-8975\" srcset=\"https:\/\/heimatverein-wulfen.de\/wp01\/wp-content\/uploads\/2022\/07\/HVW_JHV_2022_004.jpg 700w, https:\/\/heimatverein-wulfen.de\/wp01\/wp-content\/uploads\/2022\/07\/HVW_JHV_2022_004-300x168.jpg 300w\" sizes=\"auto, (max-width: 700px) 100vw, 700px\" \/><\/a><\/figure>\n\n\n\n<figure class=\"wp-block-image size-large\"><a href=\"https:\/\/heimatverein-wulfen.de\/wp01\/wp-content\/uploads\/2022\/07\/HVW_JHV_2022_005.jpg\" rel=\"lightbox[8963]\"><img loading=\"lazy\" decoding=\"async\" width=\"700\" height=\"392\" data-id=\"8974\" src=\"https:\/\/heimatverein-wulfen.de\/wp01\/wp-content\/uploads\/2022\/07\/HVW_JHV_2022_005.jpg\" alt=\"\" class=\"wp-image-8974\" srcset=\"https:\/\/heimatverein-wulfen.de\/wp01\/wp-content\/uploads\/2022\/07\/HVW_JHV_2022_005.jpg 700w, https:\/\/heimatverein-wulfen.de\/wp01\/wp-content\/uploads\/2022\/07\/HVW_JHV_2022_005-300x168.jpg 300w\" sizes=\"auto, (max-width: 700px) 100vw, 700px\" \/><\/a><\/figure>\n\n\n\n<figure class=\"wp-block-image size-large\"><a href=\"https:\/\/heimatverein-wulfen.de\/wp01\/wp-content\/uploads\/2022\/07\/HVW_JHV_2022_006.jpg\" rel=\"lightbox[8963]\"><img loading=\"lazy\" decoding=\"async\" width=\"700\" height=\"392\" data-id=\"8978\" src=\"https:\/\/heimatverein-wulfen.de\/wp01\/wp-content\/uploads\/2022\/07\/HVW_JHV_2022_006.jpg\" alt=\"\" class=\"wp-image-8978\" srcset=\"https:\/\/heimatverein-wulfen.de\/wp01\/wp-content\/uploads\/2022\/07\/HVW_JHV_2022_006.jpg 700w, https:\/\/heimatverein-wulfen.de\/wp01\/wp-content\/uploads\/2022\/07\/HVW_JHV_2022_006-300x168.jpg 300w\" sizes=\"auto, (max-width: 700px) 100vw, 700px\" \/><\/a><\/figure>\n\n\n\n<figure class=\"wp-block-image size-large\"><a href=\"https:\/\/heimatverein-wulfen.de\/wp01\/wp-content\/uploads\/2022\/07\/HVW_JHV_2022_007.jpg\" rel=\"lightbox[8963]\"><img loading=\"lazy\" decoding=\"async\" width=\"700\" height=\"392\" data-id=\"8980\" src=\"https:\/\/heimatverein-wulfen.de\/wp01\/wp-content\/uploads\/2022\/07\/HVW_JHV_2022_007.jpg\" alt=\"\" class=\"wp-image-8980\" srcset=\"https:\/\/heimatverein-wulfen.de\/wp01\/wp-content\/uploads\/2022\/07\/HVW_JHV_2022_007.jpg 700w, https:\/\/heimatverein-wulfen.de\/wp01\/wp-content\/uploads\/2022\/07\/HVW_JHV_2022_007-300x168.jpg 300w\" sizes=\"auto, (max-width: 700px) 100vw, 700px\" \/><\/a><\/figure>\n\n\n\n<figure class=\"wp-block-image size-large\"><a href=\"https:\/\/heimatverein-wulfen.de\/wp01\/wp-content\/uploads\/2022\/07\/HVW_JHV_2022_008.jpg\" rel=\"lightbox[8963]\"><img loading=\"lazy\" decoding=\"async\" width=\"700\" height=\"392\" data-id=\"8979\" src=\"https:\/\/heimatverein-wulfen.de\/wp01\/wp-content\/uploads\/2022\/07\/HVW_JHV_2022_008.jpg\" alt=\"\" class=\"wp-image-8979\" srcset=\"https:\/\/heimatverein-wulfen.de\/wp01\/wp-content\/uploads\/2022\/07\/HVW_JHV_2022_008.jpg 700w, https:\/\/heimatverein-wulfen.de\/wp01\/wp-content\/uploads\/2022\/07\/HVW_JHV_2022_008-300x168.jpg 300w\" sizes=\"auto, (max-width: 700px) 100vw, 700px\" \/><\/a><\/figure>\n\n\n\n<figure class=\"wp-block-image size-large\"><a href=\"https:\/\/heimatverein-wulfen.de\/wp01\/wp-content\/uploads\/2022\/07\/HVW_JHV_2022_009.jpg\" rel=\"lightbox[8963]\"><img loading=\"lazy\" decoding=\"async\" width=\"700\" height=\"392\" data-id=\"8981\" src=\"https:\/\/heimatverein-wulfen.de\/wp01\/wp-content\/uploads\/2022\/07\/HVW_JHV_2022_009.jpg\" alt=\"\" class=\"wp-image-8981\" srcset=\"https:\/\/heimatverein-wulfen.de\/wp01\/wp-content\/uploads\/2022\/07\/HVW_JHV_2022_009.jpg 700w, https:\/\/heimatverein-wulfen.de\/wp01\/wp-content\/uploads\/2022\/07\/HVW_JHV_2022_009-300x168.jpg 300w\" sizes=\"auto, (max-width: 700px) 100vw, 700px\" \/><\/a><\/figure>\n<\/figure>\n\n\n<div class=\"wp-block-image\">\n<figure class=\"alignleft size-full is-resized\"><a href=\"https:\/\/heimatverein-wulfen.de\/wp01\/wp-content\/uploads\/2022\/06\/JHV_2022_Einladung_Internet.jpg\" rel=\"lightbox[8963]\"><img loading=\"lazy\" decoding=\"async\" src=\"https:\/\/heimatverein-wulfen.de\/wp01\/wp-content\/uploads\/2022\/06\/JHV_2022_Einladung_Internet.jpg\" alt=\"\" class=\"wp-image-8964\" width=\"281\" height=\"397\" srcset=\"https:\/\/heimatverein-wulfen.de\/wp01\/wp-content\/uploads\/2022\/06\/JHV_2022_Einladung_Internet.jpg 561w, https:\/\/heimatverein-wulfen.de\/wp01\/wp-content\/uploads\/2022\/06\/JHV_2022_Einladung_Internet-212x300.jpg 212w\" sizes=\"auto, (max-width: 281px) 100vw, 281px\" \/><\/a><\/figure>\n<\/div>","protected":false},"excerpt":{"rendered":"<p>Der Heimatverein hatte am Freitag dem 24.06.2022 zur Jahreshauptversammlung 2022 geladen. Der Vorsitzende Johannes Kr\u00fcmpel freute sich \u00fcber 76 erschienene Mitglieder und bedankte sich bei ihnen f\u00fcr die geleistete Arbeit<\/p>\n<p><a href=\"https:\/\/heimatverein-wulfen.de\/wp01\/2022\/06\/24\/jahreshauptversammlung-2022\/\" class=\"more-link themebutton\">Read More<\/a><\/p>\n","protected":false},"author":6,"featured_media":0,"comment_status":"open","ping_status":"open","sticky":false,"template":"","format":"standard","meta":{"_cbd_carousel_blocks":"[]","footnotes":""},"categories":[25],"tags":[],"class_list":["post-8963","post","type-post","status-publish","format-standard","hentry","category-aktuelles"],"publishpress_future_action":{"enabled":false,"date":"2026-05-06 02:19:18","action":"change-status","newStatus":"draft","terms":[],"taxonomy":"category","extraData":[]},"publishpress_future_workflow_manual_trigger":{"enabledWorkflows":[]},"_links":{"self":[{"href":"https:\/\/heimatverein-wulfen.de\/wp01\/wp-json\/wp\/v2\/posts\/8963","targetHints":{"allow":["GET"]}}],"collection":[{"href":"https:\/\/heimatverein-wulfen.de\/wp01\/wp-json\/wp\/v2\/posts"}],"about":[{"href":"https:\/\/heimatverein-wulfen.de\/wp01\/wp-json\/wp\/v2\/types\/post"}],"author":[{"embeddable":true,"href":"https:\/\/heimatverein-wulfen.de\/wp01\/wp-json\/wp\/v2\/users\/6"}],"replies":[{"embeddable":true,"href":"https:\/\/heimatverein-wulfen.de\/wp01\/wp-json\/wp\/v2\/comments?post=8963"}],"version-history":[{"count":7,"href":"https:\/\/heimatverein-wulfen.de\/wp01\/wp-json\/wp\/v2\/posts\/8963\/revisions"}],"predecessor-version":[{"id":8989,"href":"https:\/\/heimatverein-wulfen.de\/wp01\/wp-json\/wp\/v2\/posts\/8963\/revisions\/8989"}],"wp:attachment":[{"href":"https:\/\/heimatverein-wulfen.de\/wp01\/wp-json\/wp\/v2\/media?parent=8963"}],"wp:term":[{"taxonomy":"category","embeddable":true,"href":"https:\/\/heimatverein-wulfen.de\/wp01\/wp-json\/wp\/v2\/categories?post=8963"},{"taxonomy":"post_tag","embeddable":true,"href":"https:\/\/heimatverein-wulfen.de\/wp01\/wp-json\/wp\/v2\/tags?post=8963"}],"curies":[{"name":"wp","href":"https:\/\/api.w.org\/{rel}","templated":true}]}}