{"id":9041,"date":"2022-08-09T14:24:59","date_gmt":"2022-08-09T12:24:59","guid":{"rendered":"https:\/\/heimatverein-wulfen.de\/wp01\/?p=9041"},"modified":"2022-08-09T14:49:23","modified_gmt":"2022-08-09T12:49:23","slug":"gemeindefruehstueck-im-heimathaus-kam-gut-an-%c2%96","status":"publish","type":"post","link":"https:\/\/heimatverein-wulfen.de\/wp01\/2022\/08\/09\/gemeindefruehstueck-im-heimathaus-kam-gut-an-%c2%96\/","title":{"rendered":"Gemeindefr\u00fchst\u00fcck im Heimathaus kam gut an \u0096"},"content":{"rendered":"\n<p class=\"has-medium-font-size\"><strong>Spontaner Besuch vom Kiepenkerl und B\u00e4uerin<\/strong><\/p>\n\n\n\n<p class=\"has-text-align-left has-medium-font-size\">Das regelm\u00e4\u00dfige Gemeindefr\u00fchst\u00fcck in Wulfen, was monatlich im Heimathaus stattfindet, ist nach wie vor sehr beliebt. Hier trifft man sich in gem\u00fctlicher Runde bei Kaffee und Br\u00f6tchen. \u0084Gerade f\u00fcr die meist \u00e4lteren Mitmenschen ist dies ein guter Treffpunkt und Austausch was es im Dorf so Neues gibt\u0093, erkl\u00e4rt Johannes Kr\u00fcmpel, der 1. Vorsitzende des Heimatvereins.<br>Und weiter: \u0084Ich bin froh, dass wir von einem tollen Team im Hintergrund so gut unterst\u00fctzt werden, ansonsten w\u00e4re das gar nicht in dieser Form zu stemmen\u0093. Die Stimmung unter den fast 70 G\u00e4sten war wieder einmal pr\u00e4chtig.<br>Zus\u00e4tzlich schaute diese Mal auch noch der Kiepenkerl und die B\u00e4uerin des Wulfener Heimatvereins vorbei. Sie sprachen mit den G\u00e4sten ein wenig Plattdeutsch und w\u00fcnschten noch einen sch\u00f6nen Tag. Das n\u00e4chste Gemeinde-Fr\u00fchst\u00fcck ist f\u00fcr den 13. September ab 09 Uhr im Heimathaus am Rh\u00f6nweg geplant. Wer Interesse hat sollte Mitglied sein oder werden.<br>Eine Anmeldung f\u00fcr m\u00f6gliche Restpl\u00e4tze nimmt Werner Gohmann unter Tel. (02369) 22119 entgegen.<br>Text und Fotos: Guido Bludau<\/p>\n\n\n\n<figure class=\"wp-block-gallery has-nested-images columns-default is-cropped wp-block-gallery-1 is-layout-flex wp-block-gallery-is-layout-flex\">\n<figure class=\"wp-block-image size-large\"><a href=\"https:\/\/heimatverein-wulfen.de\/wp01\/wp-content\/uploads\/2022\/08\/HVW_GemFruehst_2022_08_09_003.jpg\" rel=\"lightbox[9041]\"><img loading=\"lazy\" decoding=\"async\" width=\"700\" height=\"465\" data-id=\"9051\" src=\"https:\/\/heimatverein-wulfen.de\/wp01\/wp-content\/uploads\/2022\/08\/HVW_GemFruehst_2022_08_09_003.jpg\" alt=\"\" class=\"wp-image-9051\" srcset=\"https:\/\/heimatverein-wulfen.de\/wp01\/wp-content\/uploads\/2022\/08\/HVW_GemFruehst_2022_08_09_003.jpg 700w, https:\/\/heimatverein-wulfen.de\/wp01\/wp-content\/uploads\/2022\/08\/HVW_GemFruehst_2022_08_09_003-300x199.jpg 300w, https:\/\/heimatverein-wulfen.de\/wp01\/wp-content\/uploads\/2022\/08\/HVW_GemFruehst_2022_08_09_003-570x380.jpg 570w, https:\/\/heimatverein-wulfen.de\/wp01\/wp-content\/uploads\/2022\/08\/HVW_GemFruehst_2022_08_09_003-285x190.jpg 285w\" sizes=\"auto, (max-width: 700px) 100vw, 700px\" \/><\/a><\/figure>\n\n\n\n<figure class=\"wp-block-image size-large\"><a href=\"https:\/\/heimatverein-wulfen.de\/wp01\/wp-content\/uploads\/2022\/08\/HVW_GemFruehst_2022_08_09_002.jpg\" rel=\"lightbox[9041]\"><img loading=\"lazy\" decoding=\"async\" width=\"700\" height=\"465\" data-id=\"9050\" src=\"https:\/\/heimatverein-wulfen.de\/wp01\/wp-content\/uploads\/2022\/08\/HVW_GemFruehst_2022_08_09_002.jpg\" alt=\"\" class=\"wp-image-9050\" srcset=\"https:\/\/heimatverein-wulfen.de\/wp01\/wp-content\/uploads\/2022\/08\/HVW_GemFruehst_2022_08_09_002.jpg 700w, https:\/\/heimatverein-wulfen.de\/wp01\/wp-content\/uploads\/2022\/08\/HVW_GemFruehst_2022_08_09_002-300x199.jpg 300w, https:\/\/heimatverein-wulfen.de\/wp01\/wp-content\/uploads\/2022\/08\/HVW_GemFruehst_2022_08_09_002-570x380.jpg 570w, https:\/\/heimatverein-wulfen.de\/wp01\/wp-content\/uploads\/2022\/08\/HVW_GemFruehst_2022_08_09_002-285x190.jpg 285w\" sizes=\"auto, (max-width: 700px) 100vw, 700px\" \/><\/a><\/figure>\n\n\n\n<figure class=\"wp-block-image size-large\"><a href=\"https:\/\/heimatverein-wulfen.de\/wp01\/wp-content\/uploads\/2022\/08\/HVW_GemFruehst_2022_08_09_001.jpg\" rel=\"lightbox[9041]\"><img loading=\"lazy\" decoding=\"async\" width=\"700\" height=\"465\" data-id=\"9049\" src=\"https:\/\/heimatverein-wulfen.de\/wp01\/wp-content\/uploads\/2022\/08\/HVW_GemFruehst_2022_08_09_001.jpg\" alt=\"\" class=\"wp-image-9049\" srcset=\"https:\/\/heimatverein-wulfen.de\/wp01\/wp-content\/uploads\/2022\/08\/HVW_GemFruehst_2022_08_09_001.jpg 700w, https:\/\/heimatverein-wulfen.de\/wp01\/wp-content\/uploads\/2022\/08\/HVW_GemFruehst_2022_08_09_001-300x199.jpg 300w, https:\/\/heimatverein-wulfen.de\/wp01\/wp-content\/uploads\/2022\/08\/HVW_GemFruehst_2022_08_09_001-570x380.jpg 570w, https:\/\/heimatverein-wulfen.de\/wp01\/wp-content\/uploads\/2022\/08\/HVW_GemFruehst_2022_08_09_001-285x190.jpg 285w\" sizes=\"auto, (max-width: 700px) 100vw, 700px\" \/><\/a><\/figure>\n<\/figure>\n","protected":false},"excerpt":{"rendered":"<p>Spontaner Besuch vom Kiepenkerl und B\u00e4uerin Das regelm\u00e4\u00dfige Gemeindefr\u00fchst\u00fcck in Wulfen, was monatlich im Heimathaus stattfindet, ist nach wie vor sehr beliebt. Hier trifft man sich in gem\u00fctlicher Runde bei<\/p>\n<p><a href=\"https:\/\/heimatverein-wulfen.de\/wp01\/2022\/08\/09\/gemeindefruehstueck-im-heimathaus-kam-gut-an-%c2%96\/\" class=\"more-link themebutton\">Read More<\/a><\/p>\n","protected":false},"author":6,"featured_media":0,"comment_status":"open","ping_status":"open","sticky":false,"template":"","format":"standard","meta":{"_cbd_carousel_blocks":"[]","footnotes":""},"categories":[25],"tags":[],"class_list":["post-9041","post","type-post","status-publish","format-standard","hentry","category-aktuelles"],"publishpress_future_action":{"enabled":false,"date":"2026-05-06 00:56:51","action":"change-status","newStatus":"draft","terms":[],"taxonomy":"category","extraData":[]},"publishpress_future_workflow_manual_trigger":{"enabledWorkflows":[]},"_links":{"self":[{"href":"https:\/\/heimatverein-wulfen.de\/wp01\/wp-json\/wp\/v2\/posts\/9041","targetHints":{"allow":["GET"]}}],"collection":[{"href":"https:\/\/heimatverein-wulfen.de\/wp01\/wp-json\/wp\/v2\/posts"}],"about":[{"href":"https:\/\/heimatverein-wulfen.de\/wp01\/wp-json\/wp\/v2\/types\/post"}],"author":[{"embeddable":true,"href":"https:\/\/heimatverein-wulfen.de\/wp01\/wp-json\/wp\/v2\/users\/6"}],"replies":[{"embeddable":true,"href":"https:\/\/heimatverein-wulfen.de\/wp01\/wp-json\/wp\/v2\/comments?post=9041"}],"version-history":[{"count":7,"href":"https:\/\/heimatverein-wulfen.de\/wp01\/wp-json\/wp\/v2\/posts\/9041\/revisions"}],"predecessor-version":[{"id":9054,"href":"https:\/\/heimatverein-wulfen.de\/wp01\/wp-json\/wp\/v2\/posts\/9041\/revisions\/9054"}],"wp:attachment":[{"href":"https:\/\/heimatverein-wulfen.de\/wp01\/wp-json\/wp\/v2\/media?parent=9041"}],"wp:term":[{"taxonomy":"category","embeddable":true,"href":"https:\/\/heimatverein-wulfen.de\/wp01\/wp-json\/wp\/v2\/categories?post=9041"},{"taxonomy":"post_tag","embeddable":true,"href":"https:\/\/heimatverein-wulfen.de\/wp01\/wp-json\/wp\/v2\/tags?post=9041"}],"curies":[{"name":"wp","href":"https:\/\/api.w.org\/{rel}","templated":true}]}}