{"id":9070,"date":"2022-09-04T22:21:17","date_gmt":"2022-09-04T20:21:17","guid":{"rendered":"https:\/\/heimatverein-wulfen.de\/wp01\/?p=9070"},"modified":"2022-09-04T22:54:54","modified_gmt":"2022-09-04T20:54:54","slug":"heisse-phase-der-vorbereitungen-des-vereinsjubilaeums","status":"publish","type":"post","link":"https:\/\/heimatverein-wulfen.de\/wp01\/2022\/09\/04\/heisse-phase-der-vorbereitungen-des-vereinsjubilaeums\/","title":{"rendered":"Hei\u00dfe Phase der Vorbereitungen des Vereinsjubil\u00e4ums"},"content":{"rendered":"<div class=\"wp-block-image\">\n<figure class=\"alignleft size-full is-resized\"><a href=\"https:\/\/heimatverein-wulfen.de\/wp01\/wp-content\/uploads\/2022\/09\/Vorb_001.jpg\" rel=\"lightbox[9070]\"><img loading=\"lazy\" decoding=\"async\" src=\"https:\/\/heimatverein-wulfen.de\/wp01\/wp-content\/uploads\/2022\/09\/Vorb_001.jpg\" alt=\"\" class=\"wp-image-9074\" width=\"350\" height=\"233\" srcset=\"https:\/\/heimatverein-wulfen.de\/wp01\/wp-content\/uploads\/2022\/09\/Vorb_001.jpg 700w, https:\/\/heimatverein-wulfen.de\/wp01\/wp-content\/uploads\/2022\/09\/Vorb_001-300x199.jpg 300w, https:\/\/heimatverein-wulfen.de\/wp01\/wp-content\/uploads\/2022\/09\/Vorb_001-570x380.jpg 570w, https:\/\/heimatverein-wulfen.de\/wp01\/wp-content\/uploads\/2022\/09\/Vorb_001-380x254.jpg 380w, https:\/\/heimatverein-wulfen.de\/wp01\/wp-content\/uploads\/2022\/09\/Vorb_001-285x190.jpg 285w\" sizes=\"auto, (max-width: 350px) 100vw, 350px\" \/><\/a><\/figure>\n<\/div>\n\n\n<p class=\"has-medium-font-size\">In der Zeit vom 15.09. \u0096 18.09.2022 feiert der Heimatverein Wulfen bekannterweise sein 100j\u00e4hriges Vereinsjubil\u00e4um. In den 16 Gruppen des Vereins stehen die Mitglieder, trotz momentaner gro\u00dfer Sommerhitze, in der hei\u00dfen Vorbereitungsphase unter Hochdruck.<br>Alle Gruppen machen bei den gro\u00dfen Feierlichkeiten mit, bereiten sich jetzt schon vor.<br>So wird beispielsweise in der Volkstanzgruppe f\u00fcr Auftritte ge\u00fcbt, in der Braugruppe wurde Bier f\u00fcr die Feierlichkeiten gebraut, die Frauen der Blaudruckgruppe bedrucken Leinen und n\u00e4hen verschiedene Artikel des Blaudrucks.<br>Die Geschichtsgruppe bereitet eine Ausstellung zum Thema \u0084Brauerei ROSE\u0093 und die Pr\u00e4sentation einer neuen Geschichtsstation \u0084Am Brauturm\u0093 in Wulfen vor.<br>F\u00fcr die Feiern zum Jubil\u00e4um l\u00e4\u00dft der Heimatverein auf seinem Gel\u00e4nde am Rh\u00f6nweg ein Festzelt aufstellen.<br>Sch\u00f6ne kreative Dekoration f\u00fcr dieses Zelt wird zurzeit von Frauen des Vereins erstellt. Mitglieder des Vorstandes treffen sich w\u00f6chentlich, um alle geplanten Aktivit\u00e4ten entsprechend vorzubereiten.<\/p>\n\n\n\n<p class=\"has-medium-font-size\">Zwecks einer guten Planung f\u00fcr das Kaffeetrinken am Donnerstag dem 15. September, bittet der Vorstand um Anmeldung bei Werner Gohmann (Tel. 0 23 69 \/ 2 21 19) bis zum 13.09.2022. Es ist ein tolles Programm geplant und dazu gibt es so viel Kaffee und Kuchen wie man m\u00f6chte.<br>Der Kostenbeitrag pro Person betr\u00e4gt 5,- \u20ac.<br>Eingeladen sind alle Mitglieder aber auch nicht Nichtmitglieder sind herzlich willkommen.<\/p>\n\n\n\n<p class=\"has-medium-font-size\">Foto A: Die Mitgliederinnen der Volkstanzgruppe \u00fcben f\u00fcr ihren Auftritt beim Kaffeetrinken im Festzelt<\/p>\n\n\n\n<p class=\"has-medium-font-size\">Foto B + C: Die Dekoration f\u00fcr das Festzelt wird zurzeit von Frauen des Vereins erstellt.<\/p>\n\n\n<div class=\"wp-block-image\">\n<figure class=\"alignleft size-full is-resized\"><a href=\"https:\/\/heimatverein-wulfen.de\/wp01\/wp-content\/uploads\/2022\/09\/Vorb_002.jpg\" rel=\"lightbox[9070]\"><img loading=\"lazy\" decoding=\"async\" src=\"https:\/\/heimatverein-wulfen.de\/wp01\/wp-content\/uploads\/2022\/09\/Vorb_002.jpg\" alt=\"\" class=\"wp-image-9076\" width=\"350\" height=\"233\" srcset=\"https:\/\/heimatverein-wulfen.de\/wp01\/wp-content\/uploads\/2022\/09\/Vorb_002.jpg 700w, https:\/\/heimatverein-wulfen.de\/wp01\/wp-content\/uploads\/2022\/09\/Vorb_002-300x199.jpg 300w, https:\/\/heimatverein-wulfen.de\/wp01\/wp-content\/uploads\/2022\/09\/Vorb_002-570x380.jpg 570w, https:\/\/heimatverein-wulfen.de\/wp01\/wp-content\/uploads\/2022\/09\/Vorb_002-380x254.jpg 380w, https:\/\/heimatverein-wulfen.de\/wp01\/wp-content\/uploads\/2022\/09\/Vorb_002-285x190.jpg 285w\" sizes=\"auto, (max-width: 350px) 100vw, 350px\" \/><\/a><\/figure>\n<\/div>\n\n<div class=\"wp-block-image\">\n<figure class=\"alignleft size-full is-resized\"><a href=\"https:\/\/heimatverein-wulfen.de\/wp01\/wp-content\/uploads\/2022\/09\/Vorb_003.jpg\" rel=\"lightbox[9070]\"><img loading=\"lazy\" decoding=\"async\" src=\"https:\/\/heimatverein-wulfen.de\/wp01\/wp-content\/uploads\/2022\/09\/Vorb_003.jpg\" alt=\"\" class=\"wp-image-9077\" width=\"350\" height=\"233\" srcset=\"https:\/\/heimatverein-wulfen.de\/wp01\/wp-content\/uploads\/2022\/09\/Vorb_003.jpg 700w, https:\/\/heimatverein-wulfen.de\/wp01\/wp-content\/uploads\/2022\/09\/Vorb_003-300x199.jpg 300w, https:\/\/heimatverein-wulfen.de\/wp01\/wp-content\/uploads\/2022\/09\/Vorb_003-570x380.jpg 570w, https:\/\/heimatverein-wulfen.de\/wp01\/wp-content\/uploads\/2022\/09\/Vorb_003-380x254.jpg 380w, https:\/\/heimatverein-wulfen.de\/wp01\/wp-content\/uploads\/2022\/09\/Vorb_003-285x190.jpg 285w\" sizes=\"auto, (max-width: 350px) 100vw, 350px\" \/><\/a><\/figure>\n<\/div>","protected":false},"excerpt":{"rendered":"<p>In der Zeit vom 15.09. \u0096 18.09.2022 feiert der Heimatverein Wulfen bekannterweise sein 100j\u00e4hriges Vereinsjubil\u00e4um. In den 16 Gruppen des Vereins stehen die Mitglieder, trotz momentaner gro\u00dfer Sommerhitze, in der<\/p>\n<p><a href=\"https:\/\/heimatverein-wulfen.de\/wp01\/2022\/09\/04\/heisse-phase-der-vorbereitungen-des-vereinsjubilaeums\/\" class=\"more-link themebutton\">Read More<\/a><\/p>\n","protected":false},"author":6,"featured_media":0,"comment_status":"open","ping_status":"open","sticky":false,"template":"","format":"standard","meta":{"_cbd_carousel_blocks":"[]","footnotes":""},"categories":[25],"tags":[],"class_list":["post-9070","post","type-post","status-publish","format-standard","hentry","category-aktuelles"],"publishpress_future_action":{"enabled":false,"date":"2026-05-07 12:55:26","action":"change-status","newStatus":"draft","terms":[],"taxonomy":"category","extraData":[]},"publishpress_future_workflow_manual_trigger":{"enabledWorkflows":[]},"_links":{"self":[{"href":"https:\/\/heimatverein-wulfen.de\/wp01\/wp-json\/wp\/v2\/posts\/9070","targetHints":{"allow":["GET"]}}],"collection":[{"href":"https:\/\/heimatverein-wulfen.de\/wp01\/wp-json\/wp\/v2\/posts"}],"about":[{"href":"https:\/\/heimatverein-wulfen.de\/wp01\/wp-json\/wp\/v2\/types\/post"}],"author":[{"embeddable":true,"href":"https:\/\/heimatverein-wulfen.de\/wp01\/wp-json\/wp\/v2\/users\/6"}],"replies":[{"embeddable":true,"href":"https:\/\/heimatverein-wulfen.de\/wp01\/wp-json\/wp\/v2\/comments?post=9070"}],"version-history":[{"count":3,"href":"https:\/\/heimatverein-wulfen.de\/wp01\/wp-json\/wp\/v2\/posts\/9070\/revisions"}],"predecessor-version":[{"id":9078,"href":"https:\/\/heimatverein-wulfen.de\/wp01\/wp-json\/wp\/v2\/posts\/9070\/revisions\/9078"}],"wp:attachment":[{"href":"https:\/\/heimatverein-wulfen.de\/wp01\/wp-json\/wp\/v2\/media?parent=9070"}],"wp:term":[{"taxonomy":"category","embeddable":true,"href":"https:\/\/heimatverein-wulfen.de\/wp01\/wp-json\/wp\/v2\/categories?post=9070"},{"taxonomy":"post_tag","embeddable":true,"href":"https:\/\/heimatverein-wulfen.de\/wp01\/wp-json\/wp\/v2\/tags?post=9070"}],"curies":[{"name":"wp","href":"https:\/\/api.w.org\/{rel}","templated":true}]}}