{"id":9845,"date":"2022-11-26T15:27:31","date_gmt":"2022-11-26T14:27:31","guid":{"rendered":"https:\/\/heimatverein-wulfen.de\/wp01\/?p=9845"},"modified":"2022-11-26T15:33:37","modified_gmt":"2022-11-26T14:33:37","slug":"adventkonzert-der-wulfener-choere-findet-endlich-wieder-nach-2-jaehriger-pause-in-der-matthaeuskirche-statt","status":"publish","type":"post","link":"https:\/\/heimatverein-wulfen.de\/wp01\/2022\/11\/26\/adventkonzert-der-wulfener-choere-findet-endlich-wieder-nach-2-jaehriger-pause-in-der-matthaeuskirche-statt\/","title":{"rendered":"Adventkonzert der Wulfener Ch\u00f6re findet endlich wieder nach 2-j\u00e4hriger Pause in der Matth\u00e4uskirche statt"},"content":{"rendered":"<div class=\"wp-block-image\">\n<figure class=\"alignleft size-full is-resized\"><a href=\"https:\/\/heimatverein-wulfen.de\/wp01\/wp-content\/uploads\/2022\/11\/Adventkonzert-Wulfener-Choere-StMatthaeus-Wulfen-Vorbericht-25_11_2022-FotoBludau-A.jpg\" rel=\"lightbox[9845]\"><img loading=\"lazy\" decoding=\"async\" src=\"https:\/\/heimatverein-wulfen.de\/wp01\/wp-content\/uploads\/2022\/11\/Adventkonzert-Wulfener-Choere-StMatthaeus-Wulfen-Vorbericht-25_11_2022-FotoBludau-A.jpg\" alt=\"\" class=\"wp-image-9849\" width=\"525\" height=\"350\" srcset=\"https:\/\/heimatverein-wulfen.de\/wp01\/wp-content\/uploads\/2022\/11\/Adventkonzert-Wulfener-Choere-StMatthaeus-Wulfen-Vorbericht-25_11_2022-FotoBludau-A.jpg 700w, https:\/\/heimatverein-wulfen.de\/wp01\/wp-content\/uploads\/2022\/11\/Adventkonzert-Wulfener-Choere-StMatthaeus-Wulfen-Vorbericht-25_11_2022-FotoBludau-A-300x200.jpg 300w, https:\/\/heimatverein-wulfen.de\/wp01\/wp-content\/uploads\/2022\/11\/Adventkonzert-Wulfener-Choere-StMatthaeus-Wulfen-Vorbericht-25_11_2022-FotoBludau-A-570x380.jpg 570w, https:\/\/heimatverein-wulfen.de\/wp01\/wp-content\/uploads\/2022\/11\/Adventkonzert-Wulfener-Choere-StMatthaeus-Wulfen-Vorbericht-25_11_2022-FotoBludau-A-380x254.jpg 380w, https:\/\/heimatverein-wulfen.de\/wp01\/wp-content\/uploads\/2022\/11\/Adventkonzert-Wulfener-Choere-StMatthaeus-Wulfen-Vorbericht-25_11_2022-FotoBludau-A-285x190.jpg 285w\" sizes=\"auto, (max-width: 525px) 100vw, 525px\" \/><\/a><\/figure>\n<\/div>\n\n\n<p class=\"has-medium-font-size\">Nach zweij\u00e4hriger Zwangspause gibt wieder ein Adventkonzert der Wulfener Ch\u00f6re. Am 4. Dezember um 15:30 Uhr ist es wieder soweit. Das beliebte und stets gut besuchte Adventkonzert der Ch\u00f6re findet in der Wulfener Matth\u00e4uskirche statt. Ausgerichtet wird diese Veranstaltung in diesem Jahr vom Kirchenchor Cantus St. Matth\u00e4us. \u0084Durch die unterschiedlichen Ch\u00f6re, die wir f\u00fcr das Konzert gewinnen konnten, wird es eine bunte Mischung an unterschiedlichen Darbietungen geben. Es wird f\u00fcr jeden was dabei sein\u0093, verspricht Brigitte Jungblut vom Orga Team. Und weiter: \u0084Mit diesem Konzert wollen wir auf die Advent- und kommende Weihnachtszeit einstimmen.\u0093<\/p>\n\n\n\n<p class=\"has-medium-font-size\">Mitwirken werden Mukkemacher Kids, Kirchenchor St. Babara, MGV Deuten, Mixed Pickles, Blasmusik Wulfen, die Freunde und der Kirchenchor Cantus St. Matth\u00e4us. Wie in den vergangenen Jahren vor der Corona Pandemie ist auch in diesem Jahr der Eintritt frei.<br>Foto: Guido Bludau<\/p>\n","protected":false},"excerpt":{"rendered":"<p>Nach zweij\u00e4hriger Zwangspause gibt wieder ein Adventkonzert der Wulfener Ch\u00f6re. Am 4. Dezember um 15:30 Uhr ist es wieder soweit. Das beliebte und stets gut besuchte Adventkonzert der Ch\u00f6re findet<\/p>\n<p><a href=\"https:\/\/heimatverein-wulfen.de\/wp01\/2022\/11\/26\/adventkonzert-der-wulfener-choere-findet-endlich-wieder-nach-2-jaehriger-pause-in-der-matthaeuskirche-statt\/\" class=\"more-link themebutton\">Read More<\/a><\/p>\n","protected":false},"author":6,"featured_media":0,"comment_status":"open","ping_status":"open","sticky":false,"template":"","format":"standard","meta":{"_cbd_carousel_blocks":"[]","footnotes":""},"categories":[25],"tags":[],"class_list":["post-9845","post","type-post","status-publish","format-standard","hentry","category-aktuelles"],"publishpress_future_action":{"enabled":false,"date":"2026-05-05 19:39:58","action":"change-status","newStatus":"draft","terms":[],"taxonomy":"category","extraData":[]},"publishpress_future_workflow_manual_trigger":{"enabledWorkflows":[]},"_links":{"self":[{"href":"https:\/\/heimatverein-wulfen.de\/wp01\/wp-json\/wp\/v2\/posts\/9845","targetHints":{"allow":["GET"]}}],"collection":[{"href":"https:\/\/heimatverein-wulfen.de\/wp01\/wp-json\/wp\/v2\/posts"}],"about":[{"href":"https:\/\/heimatverein-wulfen.de\/wp01\/wp-json\/wp\/v2\/types\/post"}],"author":[{"embeddable":true,"href":"https:\/\/heimatverein-wulfen.de\/wp01\/wp-json\/wp\/v2\/users\/6"}],"replies":[{"embeddable":true,"href":"https:\/\/heimatverein-wulfen.de\/wp01\/wp-json\/wp\/v2\/comments?post=9845"}],"version-history":[{"count":7,"href":"https:\/\/heimatverein-wulfen.de\/wp01\/wp-json\/wp\/v2\/posts\/9845\/revisions"}],"predecessor-version":[{"id":9854,"href":"https:\/\/heimatverein-wulfen.de\/wp01\/wp-json\/wp\/v2\/posts\/9845\/revisions\/9854"}],"wp:attachment":[{"href":"https:\/\/heimatverein-wulfen.de\/wp01\/wp-json\/wp\/v2\/media?parent=9845"}],"wp:term":[{"taxonomy":"category","embeddable":true,"href":"https:\/\/heimatverein-wulfen.de\/wp01\/wp-json\/wp\/v2\/categories?post=9845"},{"taxonomy":"post_tag","embeddable":true,"href":"https:\/\/heimatverein-wulfen.de\/wp01\/wp-json\/wp\/v2\/tags?post=9845"}],"curies":[{"name":"wp","href":"https:\/\/api.w.org\/{rel}","templated":true}]}}